{"id":352842,"date":"2025-08-29T19:43:19","date_gmt":"2025-08-29T19:43:19","guid":{"rendered":"https:\/\/www.europesays.com\/fr\/352842\/"},"modified":"2025-08-29T19:43:19","modified_gmt":"2025-08-29T19:43:19","slug":"violences-sexuelles-dans-un-etablissement-catholique-a-nantes-10-victimes-recensees-5-pretres-mis-en-cause","status":"publish","type":"post","link":"https:\/\/www.europesays.com\/fr\/352842\/","title":{"rendered":"Violences sexuelles dans un \u00e9tablissement catholique \u00e0 Nantes: 10 victimes recens\u00e9es, 5 pr\u00eatres mis en cause"},"content":{"rendered":"<p>\u00ab\u00a0Ces faits sont survenus entre 1958 et 1995 pr\u00e9cis\u00e9ment et ils impliquent des pr\u00eatres ainsi qu&rsquo;au moins un membre du personnel \u00e9ducatif\u00a0\u00bb au coll\u00e8ge-lyc\u00e9e Saint-Stanislas, a affirm\u00e9 lors d&rsquo;une conf\u00e9rence de presse Fr\u00e9d\u00e9ric Delemazure, directeur dioc\u00e9sain de l&rsquo;enseignement catholique du d\u00e9partement.<\/p>\n<p>Les t\u00e9moignages, \u00e9manant de victimes ou de leurs familles, d\u00e9crivent des viols, des agressions sexuelles et des attouchements, commis au sein de l&rsquo;internat et pour \u00ab\u00a0au moins une victime\u00a0\u00bb des faits survenus lors de vacances organis\u00e9es par l&rsquo;\u00e9tablissement.<\/p>\n<p>Les victimes, neuf hommes et une femme, \u00e9taient coll\u00e9giens \u00e0 l&rsquo;\u00e9poque des faits. \u00ab\u00a0Les p\u00e9riodes concern\u00e9es, selon ce que l&rsquo;on sait, sont les suivantes : 1958 \u00e0 1978, les ann\u00e9es 1980 \u00e0 1981, les ann\u00e9es 1991 \u00e0 1995\u00a0\u00bb, a pr\u00e9cis\u00e9 Fr\u00e9d\u00e9ric Delemazure.<\/p>\n<p>Les faits \u00ab\u00a0ont \u00e9t\u00e9 signal\u00e9s \u00e0 l&rsquo;autorit\u00e9 judiciaire\u00a0\u00bb, a-t-il ajout\u00e9.<\/p>\n<p>L&rsquo;\u00e9v\u00eaque de Nantes, Mgr Laurent Percerou, a lanc\u00e9 lors de la conf\u00e9rence de presse un appel \u00e0 t\u00e9moignages, \u00ab\u00a0quels que soient l&rsquo;\u00e9poque concern\u00e9e, les d\u00e9lais, le temps pass\u00e9\u00a0\u00bb: \u00ab\u00a0L&rsquo;important, maintenant, c&rsquo;est que d&rsquo;autres victimes potentielles puissent \u00e9galement s&rsquo;exprimer\u00a0\u00bb, a-t-il soulign\u00e9.<\/p>\n<p>              <img ci-src=\"https:\/\/www.nicematin.com\/faits-divers\/afp\/1600daeddb7956f65c6e16cbb4ca313813e82002-Vld0ePO6.jpg?vh=2d37fe&amp;ci_seal=4d0173bda8\" alt=\"\"\/><br \/>\n        Un fa\u00e7ade du coll\u00e8ge-lyc\u00e9e catholique Saint-Stanislas de Nantes le 29 ao\u00fbt 2025 <strong>AFP \/ Loic VENANCE.<\/strong> <\/p>\n<p>Les t\u00e9moignages \u00e9voqu\u00e9s ont \u00e9t\u00e9 recueillis entre f\u00e9vrier et juin 2025. Trois victimes sont aujourd&rsquo;hui d\u00e9c\u00e9d\u00e9es.<\/p>\n<p>La premi\u00e8re personne \u00e0 s&rsquo;\u00eatre manifest\u00e9e a dit avoir \u00e9t\u00e9 victime de violences sexuelles dans les ann\u00e9es 1960, selon le dioc\u00e8se. \u00ab\u00a0Puis une famille, suite aux r\u00e9v\u00e9lations et au d\u00e9c\u00e8s d&rsquo;un des leurs, nous a demand\u00e9 que la lumi\u00e8re soit faite. Elle nous a r\u00e9v\u00e9l\u00e9 que la victime a subi, dans les ann\u00e9es 1990, des s\u00e9vices \u00e9pouvantables au sein de l&rsquo;internat du coll\u00e8ge Saint-Stanislas\u00a0\u00bb, a poursuivi Fr\u00e9d\u00e9ric Delemazure.<\/p>\n<p> Archives <\/p>\n<p>D&rsquo;apr\u00e8s lui, depuis 2021 et la publication du rapport de la Ciase (Commission ind\u00e9pendante sur les abus sexuels dans l&rsquo;\u00c9glise), l&rsquo;\u00e9tablissement a \u00e9t\u00e9 plusieurs fois cibl\u00e9 par des tags \u00ab\u00a0accusant des hommes d&rsquo;\u00e9glise de viol\u00a0\u00bb.<\/p>\n<p>Le rapport estimait \u00e0 330.000 le nombre de mineurs victimes de violences sexuelles au sein de l&rsquo;Eglise. Parmi elles, \u00ab\u00a0108.000 auraient \u00e9t\u00e9 agress\u00e9es dans le cadre de l&rsquo;enseignement scolaire catholique\u00a0\u00bb, rappelait en avril le pr\u00e9sident de la Ciase Jean-Marc Sauv\u00e9.<\/p>\n<p>Aupr\u00e8s de l&rsquo;AFP, Fr\u00e9d\u00e9ric Delmazure a estim\u00e9 que les deux premiers t\u00e9moignages recueillis avaient pu \u00eatre provoqu\u00e9s par le scandale du coll\u00e8ge-lyc\u00e9e de B\u00e9tharram (Pyr\u00e9n\u00e9es-Atlantiques), objet de plus de 200 plaintes d&rsquo;anciens \u00e9l\u00e8ves pour des violences physiques et sexuelles pendant des d\u00e9cennies.<\/p>\n<p>L&rsquo;\u00e9v\u00eaque de Nantes et le directeur de l&rsquo;enseignement catholique ont assur\u00e9 qu&rsquo;un travail d&rsquo;archive allait \u00eatre men\u00e9 \u00e0 Saint-Stanislas et dans le dioc\u00e8se.<\/p>\n<p>\u00ab\u00a0Il est important que nous puissions reconna\u00eetre ce qui a dysfonctionn\u00e9, les causes, ce qui a pu faire que de tels abus ont pu \u00eatre commis. Les victimes ont besoin d&rsquo;entendre quel a \u00e9t\u00e9 le m\u00e9canisme. Le rapport Sauv\u00e9 parle d&rsquo;une dimension syst\u00e9mique des abus. Quelle est la dimension syst\u00e9mique de ces abus qui ont pu \u00eatre commis dans un \u00e9tablissement de notre dioc\u00e8se ?\u00a0\u00bb, a interrog\u00e9 Mgr Laurent Percerou.<\/p>\n<p>Ce travail d&rsquo;archive pourrait aussi permettre de \u00ab\u00a0d\u00e9tecter s&rsquo;il y a eu des choses dissimul\u00e9es, mises sous le tapis\u00a0\u00bb.<\/p>\n<p>Les faits de violences sexuelles \u00e9voqu\u00e9s ne \u00ab\u00a0disent rien de ce qui se vit aujourd&rsquo;hui \u00e0 Saint-Stanislas\u00a0\u00bb, a par ailleurs soulign\u00e9 Fr\u00e9d\u00e9ric Delemazure lors de la conf\u00e9rence de presse, \u00e0 laquelle assistait le directeur actuel de l&rsquo;\u00e9tablissement.<\/p>\n","protected":false},"excerpt":{"rendered":"\u00ab\u00a0Ces faits sont survenus entre 1958 et 1995 pr\u00e9cis\u00e9ment et ils impliquent des pr\u00eatres ainsi qu&rsquo;au moins un&hellip;\n","protected":false},"author":2,"featured_media":352843,"comment_status":"","ping_status":"","sticky":false,"template":"","format":"standard","meta":{"footnotes":""},"categories":[2818],"tags":[1111,11,1777,674,118,1011,27,766,12,2636,25],"class_list":{"0":"post-352842","1":"post","2":"type-post","3":"status-publish","4":"format-standard","5":"has-post-thumbnail","7":"category-nantes","8":"tag-actu","9":"tag-actualites","10":"tag-eu","11":"tag-europe","12":"tag-faits-divers","13":"tag-fr","14":"tag-france","15":"tag-nantes","16":"tag-news","17":"tag-pays-de-la-loire","18":"tag-republique-francaise"},"share_on_mastodon":{"url":"https:\/\/pubeurope.com\/@fr\/115113768045237910","error":""},"_links":{"self":[{"href":"https:\/\/www.europesays.com\/fr\/wp-json\/wp\/v2\/posts\/352842","targetHints":{"allow":["GET"]}}],"collection":[{"href":"https:\/\/www.europesays.com\/fr\/wp-json\/wp\/v2\/posts"}],"about":[{"href":"https:\/\/www.europesays.com\/fr\/wp-json\/wp\/v2\/types\/post"}],"author":[{"embeddable":true,"href":"https:\/\/www.europesays.com\/fr\/wp-json\/wp\/v2\/users\/2"}],"replies":[{"embeddable":true,"href":"https:\/\/www.europesays.com\/fr\/wp-json\/wp\/v2\/comments?post=352842"}],"version-history":[{"count":0,"href":"https:\/\/www.europesays.com\/fr\/wp-json\/wp\/v2\/posts\/352842\/revisions"}],"wp:featuredmedia":[{"embeddable":true,"href":"https:\/\/www.europesays.com\/fr\/wp-json\/wp\/v2\/media\/352843"}],"wp:attachment":[{"href":"https:\/\/www.europesays.com\/fr\/wp-json\/wp\/v2\/media?parent=352842"}],"wp:term":[{"taxonomy":"category","embeddable":true,"href":"https:\/\/www.europesays.com\/fr\/wp-json\/wp\/v2\/categories?post=352842"},{"taxonomy":"post_tag","embeddable":true,"href":"https:\/\/www.europesays.com\/fr\/wp-json\/wp\/v2\/tags?post=352842"}],"curies":[{"name":"wp","href":"https:\/\/api.w.org\/{rel}","templated":true}]}}