{"id":352854,"date":"2025-08-29T19:49:10","date_gmt":"2025-08-29T19:49:10","guid":{"rendered":"https:\/\/www.europesays.com\/fr\/352854\/"},"modified":"2025-08-29T19:49:10","modified_gmt":"2025-08-29T19:49:10","slug":"sur-europe-1-olivier-giroud-declare-fermer-la-porte-a-un-retour-en-equipe-de-france","status":"publish","type":"post","link":"https:\/\/www.europesays.com\/fr\/352854\/","title":{"rendered":"sur Europe 1, Olivier Giroud d\u00e9clare fermer la porte \u00e0 un retour en \u00e9quipe de France"},"content":{"rendered":"<p class=\"intro \">13 ans apr\u00e8s son dernier match avec Montpellier en Ligue 1, Olivier Giroud a fait son retour sur les pelouses du championnat de France cet \u00e9t\u00e9 avec Lille. Auteur de deux buts en deux matchs, certains imaginaient d\u00e9j\u00e0 son retour en \u00e9quipe de France. Dans \u00ab\u00a0Le studio des L\u00e9gendes\u00a0\u00bb, Olivier Giroud affirme que la page est tourn\u00e9e.<\/p>\n<p>Meilleur buteur de l&rsquo;histoire des Bleus avec 57 buts en 137 s\u00e9lections, vainqueur de la Coupe du monde 2018 et finaliste en 2022, <a href=\"https:\/\/www.europe1.fr\/dossiers\/olivier-giroud\" target=\"_blank\" rel=\"nofollow noopener\">Olivier Giroud<\/a> est une v\u00e9ritable l\u00e9gende de l&rsquo;\u00e9quipe de France de football. L&rsquo;ancien num\u00e9ro 9 des Bleus a fait son retour en Ligue 1, \u00e0 38 ans, et a d\u00e9j\u00e0 marqu\u00e9 les esprits avec deux buts en deux matchs.\u00a0<\/p>\n<p>    La suite apr\u00e8s cette publicit\u00e9<\/p>\n<p>    La suite apr\u00e8s cette publicit\u00e9<\/p>\n<p>Certains imaginaient d\u00e9j\u00e0 le voir de nouveau avec le maillot des Bleus sur le dos. Pourtant, cette semaine, il n&rsquo;a pas \u00e9t\u00e9 s\u00e9lectionn\u00e9 par Didier Deschamps pour disputer les matchs de <a href=\"https:\/\/www.europe1.fr\/sport\/equipe-de-france-rabiot-appele-premiere-pour-akliouche-voici-la-liste-de-deschamps-pour-les-deux-prochains-matches-770346\" target=\"_blank\" rel=\"nofollow noopener\">qualifications \u00e0 la Coupe du monde 2026<\/a> face \u00e0 l&rsquo;Ukraine et l&rsquo;Islande, les 5 et 9 septembre prochain.<\/p>\n<p>\u00ab\u00a0Ce maillot bleu, j&rsquo;y \u00e9tais, j&rsquo;y suis et j&rsquo;y serai toujours tr\u00e8s attach\u00e9\u00a0\u00bb<\/p>\n<p>Invit\u00e9 de Jacques Vendroux dans <a href=\"https:\/\/www.europe1.fr\/emissions\/les-decideurs-du-sport\" target=\"_blank\" rel=\"nofollow noopener\">Le studio des L\u00e9gendes<\/a>, l&rsquo;attaquant lillois ferme la porte \u00e0 un retour et \u00e9voque une nouvelle g\u00e9n\u00e9ration de \u00ab\u00a0jeunes talents\u00a0\u00bb : \u00ab\u00a0J&rsquo;ai dit au revoir \u00e0 l&rsquo;\u00e9quipe de France au Stade de France, en mars dernier. J&rsquo;ai re\u00e7u un superbe hommage et j&rsquo;en suis tr\u00e8s reconnaissant. J&rsquo;ai vraiment tourn\u00e9 la page. Il y a beaucoup de jeunes talents, donc m\u00eame si je performe ici \u00e0 Lille, ce qui est ma priorit\u00e9, je ne pense plus \u00e0 l&rsquo;\u00e9quipe de France\u00a0\u00bb.\u00a0<\/p>\n<p>    La suite apr\u00e8s cette publicit\u00e9<\/p>\n<p>    La suite apr\u00e8s cette publicit\u00e9<\/p>\n<p>S&rsquo;il n&rsquo;y pense plus, Olivier Giroud garde en lui le souvenir de moments uniques, surtout quand \u00ab\u00a0tu joues pour ton pays, pour 66 millions de personnes\u00a0\u00bb. Pour lui, \u00ab\u00a0la s\u00e9lection, c&rsquo;est la cerise sur le g\u00e2teau, c&rsquo;est la fiert\u00e9 ultime. Ce maillot bleu, j&rsquo;y \u00e9tais, j&rsquo;y suis et j&rsquo;y serai toujours tr\u00e8s attach\u00e9. C&rsquo;est ce qui se fait de mieux, et c&rsquo;est toujours un plaisir d&rsquo;y \u00eatre appel\u00e9\u00a0\u00bb.\u00a0<\/p>\n","protected":false},"excerpt":{"rendered":"13 ans apr\u00e8s son dernier match avec Montpellier en Ligue 1, Olivier Giroud a fait son retour sur&hellip;\n","protected":false},"author":2,"featured_media":352855,"comment_status":"","ping_status":"","sticky":false,"template":"","format":"standard","meta":{"footnotes":""},"categories":[2815],"tags":[1111,11,1777,674,1011,27,811,1307,12,25],"class_list":{"0":"post-352854","1":"post","2":"type-post","3":"status-publish","4":"format-standard","5":"has-post-thumbnail","7":"category-lille","8":"tag-actu","9":"tag-actualites","10":"tag-eu","11":"tag-europe","12":"tag-fr","13":"tag-france","14":"tag-hauts-de-france","15":"tag-lille","16":"tag-news","17":"tag-republique-francaise"},"share_on_mastodon":{"url":"https:\/\/pubeurope.com\/@fr\/115113791616817929","error":""},"_links":{"self":[{"href":"https:\/\/www.europesays.com\/fr\/wp-json\/wp\/v2\/posts\/352854","targetHints":{"allow":["GET"]}}],"collection":[{"href":"https:\/\/www.europesays.com\/fr\/wp-json\/wp\/v2\/posts"}],"about":[{"href":"https:\/\/www.europesays.com\/fr\/wp-json\/wp\/v2\/types\/post"}],"author":[{"embeddable":true,"href":"https:\/\/www.europesays.com\/fr\/wp-json\/wp\/v2\/users\/2"}],"replies":[{"embeddable":true,"href":"https:\/\/www.europesays.com\/fr\/wp-json\/wp\/v2\/comments?post=352854"}],"version-history":[{"count":0,"href":"https:\/\/www.europesays.com\/fr\/wp-json\/wp\/v2\/posts\/352854\/revisions"}],"wp:featuredmedia":[{"embeddable":true,"href":"https:\/\/www.europesays.com\/fr\/wp-json\/wp\/v2\/media\/352855"}],"wp:attachment":[{"href":"https:\/\/www.europesays.com\/fr\/wp-json\/wp\/v2\/media?parent=352854"}],"wp:term":[{"taxonomy":"category","embeddable":true,"href":"https:\/\/www.europesays.com\/fr\/wp-json\/wp\/v2\/categories?post=352854"},{"taxonomy":"post_tag","embeddable":true,"href":"https:\/\/www.europesays.com\/fr\/wp-json\/wp\/v2\/tags?post=352854"}],"curies":[{"name":"wp","href":"https:\/\/api.w.org\/{rel}","templated":true}]}}