{"id":352861,"date":"2025-08-29T19:53:25","date_gmt":"2025-08-29T19:53:25","guid":{"rendered":"https:\/\/www.europesays.com\/fr\/352861\/"},"modified":"2025-08-29T19:53:25","modified_gmt":"2025-08-29T19:53:25","slug":"georges-mikautadze-va-quitter-lyon-pour-villarreal","status":"publish","type":"post","link":"https:\/\/www.europesays.com\/fr\/352861\/","title":{"rendered":"Georges Mikautadze va quitter Lyon pour Villarreal"},"content":{"rendered":"<p style=\"text-align: justify;\"><strong>TRANSFERTS \u2013 Selon <a href=\"https:\/\/www.footmercato.net\/a6635713687706968891-accord-total-villarreal-ol-pour-georges-mikautadze\" target=\"_blank\" rel=\"noopener\">Foot Mercato<\/a>, Georges Mikautadze va quitter Lyon pour rejoindre Villarreal dans les heures \u00e0 venir.<br \/><\/strong><\/p>\n<p style=\"text-align: justify;\">Comme \u00e0 <strong>Marseille<\/strong>, les derniers jours vont \u00eatre tr\u00e8s anim\u00e9s \u00e0 <strong>Lyon<\/strong>. Le club du <strong>Rh\u00f4ne<\/strong> sait qu\u2019il doit vendre au moins un de ses meilleurs joueurs pour \u00e9quilibrer ses comptes, alors que plusieurs recrues sont attendues pour compl\u00e9ter l\u2019effectif. Les dirigeants <strong>lyonnais<\/strong> s\u2019activent notamment pour trouver un ailier droit titulaire.<\/p>\n<p><a href=\"https:\/\/dicodusport.fr\/blog\/transferts-ol-sael-kumbedi-devrait-quitter-lyon-pour-lallemagne\/\" class=\"vlp-link\" title=\"Transferts OL : Sa\u00ebl Kumbedi devrait quitter Lyon pour l&#039;Allemagne\" target=\"_blank\" rel=\"noopener\"><img loading=\"lazy\" decoding=\"async\" style=\"max-width: 792px;\" width=\"792\" height=\"445\" class=\"attachment-800x445 size-800x445 perfmatters-lazy\" alt=\"Transferts OL : Sa\u00ebl Kumbedi devrait quitter Lyon pour l'Allemagne\" src=\"https:\/\/www.europesays.com\/fr\/wp-content\/uploads\/2025\/08\/Transferts-OL-Sael-Kumbedi-devrait-quitter-Lyon-pour-lAllemagne.png\"  data-\/><\/p>\n<p>Transferts OL : Sa\u00ebl Kumbedi devrait quitter Lyon pour l&rsquo;Allemagne<\/p>\n<p>TRANSFERTS OL &#8211; Courtis\u00e9 en cette fin de mercato, le lat\u00e9ral lyonnais Sa\u00ebl Kumbedi est sur le point de filer en Bundesliga.<\/p>\n<p>Lire l&rsquo;article<\/p>\n<p>dicodusport.fr<\/p>\n<p>Georges Mikautadze \u00e0 Villarreal<\/p>\n<p style=\"text-align: justify;\"><strong>Malick<\/strong> <strong>Fofana<\/strong> et <strong>Georges<\/strong> <strong>Mikautadze<\/strong> sont les deux principaux candidats au d\u00e9part, car ils ont les plus grosses valeurs marchandes. Et selon nos confr\u00e8res, c\u2019est l\u2019attaquant g\u00e9orgien qui va quitter le club. L\u2019<strong>Olympique Lyonnais<\/strong> aurait trouv\u00e9 un accord avec <strong>Villarreal<\/strong> pour un transfert \u00e0 hauteur de 30 millions d\u2019euros, bonus compris.<\/p>\n<p style=\"text-align: justify;\">L\u2019<strong>OL<\/strong> aurait aim\u00e9 an tirer 10 millions d\u2019euros de plus, mais les autres clubs connaissent la situation lyonnaise, et peuvent donc tirer les prix vers le bas. <strong>Georges<\/strong> <strong>Mikautadze<\/strong>, qui s\u2019est presque mis d\u2019accord avec <strong>Villarreal<\/strong> pour un contrat longue dur\u00e9e, est attendu dans les heures \u00e0 venir en <strong>Espagne<\/strong>. Il ne disputera donc pas le match face \u00e0 Marseille, alors que Lyon s\u2019est mis en qu\u00eate de son rempla\u00e7ant.<\/p>\n<p><a href=\"https:\/\/dicodusport.fr\/blog\/mercato-ol-2025-2026-le-tableau-complet-des-transferts-arrivees-et-departs\/\" class=\"vlp-link\" title=\"Mercato OL 2025-2026 : Le tableau complet des transferts, arriv\u00e9es et d\u00e9parts\" target=\"_blank\" rel=\"noopener\"><img loading=\"lazy\" decoding=\"async\" style=\"max-width: 792px;\" width=\"792\" height=\"445\" class=\"attachment-800x445 size-800x445 perfmatters-lazy\" alt=\"Mercato OL 2025-2026 Le tableau complet des transferts, arriv\u00e9es et d\u00e9parts\" src=\"https:\/\/www.europesays.com\/fr\/wp-content\/uploads\/2025\/07\/Mercato-OL-2025-2026-Le-tableau-complet-des-transferts-arrivees-et-departs.png\"  data-\/><\/p>\n<p>Mercato OL 2025-2026 : Le tableau complet des transferts, arriv\u00e9es et d\u00e9parts<\/p>\n<p>TRANSFERTS OL &#8211; Retrouvez tous les mouvements de l&rsquo;Olympique Lyonnais pour l&rsquo;intersaison 2025 en Ligue 1. Arriv\u00e9es, d\u00e9part, pr\u00eats, transferts d\u00e9finitifs, ne ratez rien du mercato estival.\u00a0<\/p>\n<p>Lire l&rsquo;article<\/p>\n<p>dicodusport.fr<\/p>\n","protected":false},"excerpt":{"rendered":"TRANSFERTS \u2013 Selon Foot Mercato, Georges Mikautadze va quitter Lyon pour rejoindre Villarreal dans les heures \u00e0 venir.&hellip;\n","protected":false},"author":2,"featured_media":352862,"comment_status":"","ping_status":"","sticky":false,"template":"","format":"standard","meta":{"footnotes":""},"categories":[1889],"tags":[1111,11,2430,2113,1777,674,1011,27,2428,43746,12,241,978,25],"class_list":{"0":"post-352861","1":"post","2":"type-post","3":"status-publish","4":"format-standard","5":"has-post-thumbnail","7":"category-lyon","8":"tag-actu","9":"tag-actualites","10":"tag-auvergne-rhone-alpes","11":"tag-breve","12":"tag-eu","13":"tag-europe","14":"tag-fr","15":"tag-france","16":"tag-lyon","17":"tag-mercato-ol","18":"tag-news","19":"tag-ol","20":"tag-olympique-lyonnais","21":"tag-republique-francaise"},"share_on_mastodon":{"url":"https:\/\/pubeurope.com\/@fr\/115113807304562954","error":""},"_links":{"self":[{"href":"https:\/\/www.europesays.com\/fr\/wp-json\/wp\/v2\/posts\/352861","targetHints":{"allow":["GET"]}}],"collection":[{"href":"https:\/\/www.europesays.com\/fr\/wp-json\/wp\/v2\/posts"}],"about":[{"href":"https:\/\/www.europesays.com\/fr\/wp-json\/wp\/v2\/types\/post"}],"author":[{"embeddable":true,"href":"https:\/\/www.europesays.com\/fr\/wp-json\/wp\/v2\/users\/2"}],"replies":[{"embeddable":true,"href":"https:\/\/www.europesays.com\/fr\/wp-json\/wp\/v2\/comments?post=352861"}],"version-history":[{"count":0,"href":"https:\/\/www.europesays.com\/fr\/wp-json\/wp\/v2\/posts\/352861\/revisions"}],"wp:featuredmedia":[{"embeddable":true,"href":"https:\/\/www.europesays.com\/fr\/wp-json\/wp\/v2\/media\/352862"}],"wp:attachment":[{"href":"https:\/\/www.europesays.com\/fr\/wp-json\/wp\/v2\/media?parent=352861"}],"wp:term":[{"taxonomy":"category","embeddable":true,"href":"https:\/\/www.europesays.com\/fr\/wp-json\/wp\/v2\/categories?post=352861"},{"taxonomy":"post_tag","embeddable":true,"href":"https:\/\/www.europesays.com\/fr\/wp-json\/wp\/v2\/tags?post=352861"}],"curies":[{"name":"wp","href":"https:\/\/api.w.org\/{rel}","templated":true}]}}