{"id":35288,"date":"2025-04-19T01:27:03","date_gmt":"2025-04-19T01:27:03","guid":{"rendered":"https:\/\/www.europesays.com\/fr\/35288\/"},"modified":"2025-04-19T01:27:03","modified_gmt":"2025-04-19T01:27:03","slug":"les-craintes-sur-le-traitement-hormonal-persistent-en-france-mais-sa-rehabilitation-est-entamee-liberation","status":"publish","type":"post","link":"https:\/\/www.europesays.com\/fr\/35288\/","title":{"rendered":"les craintes sur le traitement hormonal persistent en France, mais sa r\u00e9habilitation est entam\u00e9e \u2013 Lib\u00e9ration"},"content":{"rendered":"<p class=\"sc-cPiKLX AiZTS text-element\">La m\u00e9nopause n\u2019est pas toujours cause de souffrances, mais la plupart du temps v\u00e9cue en silence ; elle n\u2019est pas une pathologie, mais sa prise en charge est \u00abun vide abyssal\u00bb. Le constat est dress\u00e9 et d\u00e9plor\u00e9 par la d\u00e9put\u00e9e macroniste St\u00e9phanie Rist dans le rapport de la mission parlementaire qu\u2019elle a pilot\u00e9, publi\u00e9 le 14 avril. Parmi ses recommandations pour \u00abenfin passer \u00e0 l\u2019action\u00bb se glisse une controverse entam\u00e9e au d\u00e9but du si\u00e8cle : le traitement hormonal de la m\u00e9nopause (THM), et le d\u00e9bat \u00abpro\u00bb vs \u00abanti\u00bb qu\u2019elle invite \u00e0 \u00abd\u00e9passer\u00bb. \u00abLe THM est actuellement l\u2019option th\u00e9rapeutique la plus efficace contre les troubles li\u00e9s \u00e0 la m\u00e9nopause\u00bb, soutient <a href=\"https:\/\/www.liberation.fr\/portraits\/florence-tremollieres-ovaires-et-contre-tout-20241213_CZ3EJMGMLBHERNNO2IM24C6LFE\/\" target=\"_blank\" rel=\"noopener\">Florence Tr\u00e9molli\u00e8res, professeure \u00e0 la t\u00eate du centre m\u00e9nopause de Toulouse<\/a> (Haute-Garonne) qui a particip\u00e9 \u00e0 la mission. Il consiste \u00e0 pallier la chute d\u2019hormones f\u00e9minines (\u0153strog\u00e8nes et progest\u00e9rones), cause d\u2019une longue liste de sympt\u00f4mes : bouff\u00e9es de chaleur insupportables, sommeil perturb\u00e9, s\u00e9cheresse vaginale, troubles d\u00e9pressifs\u2026 Certaines personnes sont peu touch\u00e9es ; d\u2019autres, environ 25 %, voient leur quotidien <a href=\"https:\/\/www.liberation.fr\/societe\/sante\/menopause-au-travail-les-femmes-veulent-renverser-les-vapeurs-20240903_QF2TWVTBEFDS3HPBEIQCEDJRCI\/\" target=\"_blank\" rel=\"noopener\">lourdement affect\u00e9<\/a>.<\/p>\n<p class=\"sc-cPiKLX AiZTS text-element\">En 2024 pourtant, seules 2,5 % des fe<\/p>\n","protected":false},"excerpt":{"rendered":"La m\u00e9nopause n\u2019est pas toujours cause de souffrances, mais la plupart du temps v\u00e9cue en silence ; elle&hellip;\n","protected":false},"author":2,"featured_media":35289,"comment_status":"","ping_status":"","sticky":false,"template":"","format":"standard","meta":{"footnotes":""},"categories":[10],"tags":[1011,27,72,71,11457],"class_list":{"0":"post-35288","1":"post","2":"type-post","3":"status-publish","4":"format-standard","5":"has-post-thumbnail","7":"category-sante","8":"tag-fr","9":"tag-france","10":"tag-health","11":"tag-sante","12":"tag-vieillesse-dependance"},"share_on_mastodon":{"url":"https:\/\/pubeurope.com\/@fr\/114362033280953576","error":""},"_links":{"self":[{"href":"https:\/\/www.europesays.com\/fr\/wp-json\/wp\/v2\/posts\/35288","targetHints":{"allow":["GET"]}}],"collection":[{"href":"https:\/\/www.europesays.com\/fr\/wp-json\/wp\/v2\/posts"}],"about":[{"href":"https:\/\/www.europesays.com\/fr\/wp-json\/wp\/v2\/types\/post"}],"author":[{"embeddable":true,"href":"https:\/\/www.europesays.com\/fr\/wp-json\/wp\/v2\/users\/2"}],"replies":[{"embeddable":true,"href":"https:\/\/www.europesays.com\/fr\/wp-json\/wp\/v2\/comments?post=35288"}],"version-history":[{"count":0,"href":"https:\/\/www.europesays.com\/fr\/wp-json\/wp\/v2\/posts\/35288\/revisions"}],"wp:featuredmedia":[{"embeddable":true,"href":"https:\/\/www.europesays.com\/fr\/wp-json\/wp\/v2\/media\/35289"}],"wp:attachment":[{"href":"https:\/\/www.europesays.com\/fr\/wp-json\/wp\/v2\/media?parent=35288"}],"wp:term":[{"taxonomy":"category","embeddable":true,"href":"https:\/\/www.europesays.com\/fr\/wp-json\/wp\/v2\/categories?post=35288"},{"taxonomy":"post_tag","embeddable":true,"href":"https:\/\/www.europesays.com\/fr\/wp-json\/wp\/v2\/tags?post=35288"}],"curies":[{"name":"wp","href":"https:\/\/api.w.org\/{rel}","templated":true}]}}