{"id":352881,"date":"2025-08-29T20:04:09","date_gmt":"2025-08-29T20:04:09","guid":{"rendered":"https:\/\/www.europesays.com\/fr\/352881\/"},"modified":"2025-08-29T20:04:09","modified_gmt":"2025-08-29T20:04:09","slug":"dix-ans-apres-le-bilan-amer-de-louverture-des-frontieres-de-lallemagne-par-angela-merkel","status":"publish","type":"post","link":"https:\/\/www.europesays.com\/fr\/352881\/","title":{"rendered":"Dix ans apr\u00e8s, le bilan amer de l\u2019ouverture des fronti\u00e8res de l\u2019Allemagne par Angela Merkel"},"content":{"rendered":"<p><strong>D\u00c9CRYPTAGE &#8211;<\/strong> Le 30\u00a0ao\u00fbt 2015, Angela Merkel accueillait dans l\u2019euphorie des centaines de milliers de r\u00e9fugi\u00e9s syriens. Depuis, l\u2019enthousiasme a disparu et Friedrich Merz prend le contre-pied de sa politique.<\/p>\n<p class=\"fig-paragraph\">Anas Modamani se souvient comme d\u2019hier de ce selfie mythique en compagnie d\u2019<a href=\"http:\/\/www.lefigaro.fr\/vox\/societe\/un-chef-d-oeuvre-de-memoire-selective-le-livre-d-angela-merkel-un-anti-manuel-pour-l-europe-20250213\" data-fig-type=\"Article\" data-gtm-custom-categorie=\"navigation\" data-gtm-custom-action=\"crossclick\" data-gtm-custom-label=\"Contextuel\" data-gtm-event=\"customEventSPE\" data-fig-domain=\"LEFIGARO\" rel=\"nofollow noopener\" target=\"_blank\">Angela Merkel<\/a>\u00a0qui l\u2019a rendu c\u00e9l\u00e8bre. Apr\u00e8s avoir prononc\u00e9 le 30\u00a0ao\u00fbt 2015 la fameuse phrase \u00ab\u00a0Wir schaffen das\u00a0\u00bb (\u00ab\u00a0nous y arriverons\u00a0\u00bb), la chanceli\u00e8re \u00e9tait venue visiter un centre d\u2019accueil de r\u00e9fugi\u00e9s dans le quartier de Spandau. Le jeune Syrien fuyant la guerre civile ne savait pas qui \u00e9tait cette dame avenante la coupe blonde. Et, dans son enthousiasme, il s\u2019est photographi\u00e9 avec \u00ab\u00a0Mutti\u00a0\u00bb. \u00ab\u00a0Je suis tr\u00e8s reconnaissant envers l\u2019Allemagne. Gr\u00e2ce \u00e0 elle, j\u2019ai fait des \u00e9tudes, \u00e9tudi\u00e9 la communication, je parle la langue, je me suis fait des amis allemands et arabes, j\u2019ai un passeport et un magnifique appartement \u00e0 Berlin.\u00a0\u00bb<\/p>\n<p class=\"fig-paragraph\">Ce clich\u00e9 et la r\u00e9ussite de son auteur illustrent la face heureuse d\u2019un des \u00e9pisodes les plus marquants de l\u2019histoire allemande. \u00c0 partir de septembre 2015, sous la pression des r\u00e9fugi\u00e9s bloqu\u00e9s \u00e0 la fronti\u00e8re hongroise, majoritairement syriens, qui souhaitent rallier l\u2019Allemagne\u2026<\/p>\n<p class=\"fig-premium-paywall__infos\">\n        Cet article est r\u00e9serv\u00e9 aux abonn\u00e9s.        Il vous reste 83% \u00e0 d\u00e9couvrir.\n    <\/p>\n<p>                <img  data- alt=\"Le Figaro\" class=\"fig-img--complete fig-img\"\/><\/p>\n<p class=\"fig-premium-paywall__title\">Vente Flash<\/p>\n<p class=\"fig-premium-paywall__subtitle\">4,99\u20ac par mois pendant 12 mois. Sans engagement<\/p>\n<p class=\"fig-premium-paywall__connect\">\n                D\u00e9j\u00e0 abonn\u00e9\u00a0?                <a class=\"fig-premium-paywall__connect-link\" href=\"https:\/\/connect.lefigaro.fr\/login?client=horizon_web&amp;type=main&amp;redirect_uri=https%3A%2F%2Fwww.lefigaro.fr%2Finternational%2Fdix-ans-apres-le-bilan-amer-de-l-ouverture-des-frontieres-de-l-allemagne-par-angela-merkel-20250829\" data-js-gtm=\"{&quot;customCategorie&quot;: &quot;conversion&quot;, &quot;customAction&quot;: &quot;before_Landing_Connexion_paywall_auto&quot;, &quot;customLabel&quot;: &quot;bGVmaWdhcm8uZnJfXzFmMDg0ZGQzLThjNjAtNmRmNC1iMTlhLWM1MTA5YjRlYzI4OF9fQXJ0aWNsZQ==_Dix ans apr\u00e8s, le bilan amer de l\u2019ouverture des fronti\u00e8res de l\u2019Allemagne par Angela Merkel_270&quot;, &quot;customIDSPE&quot;: &quot;bGVmaWdhcm8uZnJfXzFmMDg0ZGQzLThjNjAtNmRmNC1iMTlhLWM1MTA5YjRlYzI4OF9fQXJ0aWNsZQ==&quot;, &quot;event&quot;: &quot;customEventSPE&quot;}\" rel=\"nofollow noopener\" target=\"_blank\"><br \/>\n                    Connectez-vous<br \/>\n                <\/a>\n            <\/p>\n","protected":false},"excerpt":{"rendered":"D\u00c9CRYPTAGE &#8211; Le 30\u00a0ao\u00fbt 2015, Angela Merkel accueillait dans l\u2019euphorie des centaines de milliers de r\u00e9fugi\u00e9s syriens. Depuis,&hellip;\n","protected":false},"author":2,"featured_media":352882,"comment_status":"","ping_status":"","sticky":false,"template":"","format":"standard","meta":{"footnotes":""},"categories":[1587],"tags":[11,672,1804,1805,1803,1777,674,1801,1061,12,1802],"class_list":{"0":"post-352881","1":"post","2":"type-post","3":"status-publish","4":"format-standard","5":"has-post-thumbnail","7":"category-allemagne","8":"tag-actualites","9":"tag-allemagne","10":"tag-bundesrepublik-deutschland","11":"tag-de","12":"tag-deutschland","13":"tag-eu","14":"tag-europe","15":"tag-germany","16":"tag-immigration","17":"tag-news","18":"tag-republique-federale-dallemagne"},"share_on_mastodon":{"url":"https:\/\/pubeurope.com\/@fr\/115113850597427473","error":""},"_links":{"self":[{"href":"https:\/\/www.europesays.com\/fr\/wp-json\/wp\/v2\/posts\/352881","targetHints":{"allow":["GET"]}}],"collection":[{"href":"https:\/\/www.europesays.com\/fr\/wp-json\/wp\/v2\/posts"}],"about":[{"href":"https:\/\/www.europesays.com\/fr\/wp-json\/wp\/v2\/types\/post"}],"author":[{"embeddable":true,"href":"https:\/\/www.europesays.com\/fr\/wp-json\/wp\/v2\/users\/2"}],"replies":[{"embeddable":true,"href":"https:\/\/www.europesays.com\/fr\/wp-json\/wp\/v2\/comments?post=352881"}],"version-history":[{"count":0,"href":"https:\/\/www.europesays.com\/fr\/wp-json\/wp\/v2\/posts\/352881\/revisions"}],"wp:featuredmedia":[{"embeddable":true,"href":"https:\/\/www.europesays.com\/fr\/wp-json\/wp\/v2\/media\/352882"}],"wp:attachment":[{"href":"https:\/\/www.europesays.com\/fr\/wp-json\/wp\/v2\/media?parent=352881"}],"wp:term":[{"taxonomy":"category","embeddable":true,"href":"https:\/\/www.europesays.com\/fr\/wp-json\/wp\/v2\/categories?post=352881"},{"taxonomy":"post_tag","embeddable":true,"href":"https:\/\/www.europesays.com\/fr\/wp-json\/wp\/v2\/tags?post=352881"}],"curies":[{"name":"wp","href":"https:\/\/api.w.org\/{rel}","templated":true}]}}