{"id":352883,"date":"2025-08-29T20:05:12","date_gmt":"2025-08-29T20:05:12","guid":{"rendered":"https:\/\/www.europesays.com\/fr\/352883\/"},"modified":"2025-08-29T20:05:12","modified_gmt":"2025-08-29T20:05:12","slug":"comment-la-france-en-est-elle-arrivee-la-lanalyse-de-la-vanguardia","status":"publish","type":"post","link":"https:\/\/www.europesays.com\/fr\/352883\/","title":{"rendered":"Comment la France en est-elle arriv\u00e9e l\u00e0 ? L\u2019analyse de \u201cLa Vanguardia\u201d"},"content":{"rendered":"\n<p>La France traverse une crise politique et financi\u00e8re qui s\u2019aggrave de jour en jour et dont les cons\u00e9quences impr\u00e9visibles menacent non seulement le pays mais aussi l\u2019Europe tout enti\u00e8re. Une crise qui pourrait \u00e9clater le 8\u00a0septembre, date \u00e0 laquelle le Premier ministre, Fran\u00e7ois Bayrou, se soumettra \u00e0 un vote de confiance devant l\u2019Assembl\u00e9e nationale. Un vote dont les chances de succ\u00e8s semblent bien maigres.<\/p>\n<p>Tout a commenc\u00e9 le 15\u00a0juillet, quand le Premier ministre a annonc\u00e9 que le pays se trouvait dans une situation \u00e9conomique insoutenable en raison du foss\u00e9 croissant entre les recettes et les d\u00e9penses publiques. Face \u00e0 cette situation critique, Fran\u00e7ois Bayrou a indiqu\u00e9 que la France devait r\u00e9aliser <a href=\"https:\/\/www.courrierinternational.com\/article\/vu-de-l-etranger-budget-francois-bayrou-joue-sa-survie-politique-sur-des-mesures-impopulaires_233164\" target=\"_blank\" rel=\"noopener\">44\u00a0milliards d\u2019\u00e9conomies<\/a> et a d\u00e9voil\u00e9 une v\u00e9ritable cure d\u2019aust\u00e9rit\u00e9 budg\u00e9taire. Son plan pr\u00e9voyait notamment une ann\u00e9e blanche (c\u2019est-\u00e0-dire, entre autres, le gel des pensions de retraite et des salaires des fonctionnaires), une taxation des plus riches et <a href=\"https:\/\/www.courrierinternational.com\/article\/vu-de-l-etranger-supprimer-des-jours-feries-suicidaire-necessaire-ou-juste-inefficace_233230\" target=\"_blank\" rel=\"noopener\">la suppression de deux jours f\u00e9ri\u00e9s<\/a>. Ces mesures \u00e9taient pr\u00e9sent\u00e9es comme indispensables afin d\u2019\u00e9carter le risque d\u2019un \u00c9tat insolvable, ce qui aurait des cons\u00e9quences terribles sur toute l\u2019Europe (par effet domino) en raison du poids de l\u2019\u00e9conomie fran\u00e7aise.<\/p>\n<p>D\u00e8s le d\u00e9but, il \u00e9tait clair que les chances de voir ces mesures approuv<\/p>\n<p> <strong>La\u00a0suite est r\u00e9serv\u00e9e aux abonn\u00e9s\u2026<\/strong>  <\/p>\n<p class=\"article-authors\">                         <a href=\"https:\/\/www.courrierinternational.com\/auteur\/editorial\" target=\"_blank\" rel=\"noopener\">\u00c9ditorial<\/a>    <\/p>\n<p class=\"article-vo\"><a href=\"https:\/\/www.lavanguardia.com\/opinion\/20250828\/11007297\/tribulaciones-francia.html\" rel=\"noopener\" target=\"_blank\">Lire l\u2019article original<\/a><\/p>\n<p>Source de l\u2019article<\/p>\n<p>   <img decoding=\"async\" class=\"source-logo\" src=\"https:\/\/www.europesays.com\/fr\/wp-content\/uploads\/2025\/08\/78959fb_1643653555556-la-vanguardia.jpg\"  alt=\"Logo\" loading=\"lazy\" width=\"32\" height=\"32\"\/>  La Vanguardia  (Barcelone)       <\/p>\n<p>\u201cL\u2019Avant-Garde\u201d a \u00e9t\u00e9 fond\u00e9e en 1881 \u00e0 Barcelone par la famille God\u00f3, qui en est toujours propri\u00e9taire. Ce quotidien au format berlinois est le deuxi\u00e8me du pays en mati\u00e8re de diffusion, et le num\u00e9ro un en Catalogne, juste devant El Peri\u00f3dico de Catalunya.\u00a0Dans la Catalogne d\u2019aujourd\u2019hui, le journal pr\u00f4ne un r\u00e9gionalisme mod\u00e9r\u00e9.<br \/>Depuis 2011, La Vanguardia existe aussi en version catalane. Jusqu\u2019alors, \u201cle plus ancien, le plus lu, le plus vendu et le plus influent des quotidiens publi\u00e9s en Catalogne\u201d paraissait uniquement en espagnol, contrairement \u00e0 son challenger El Peri\u00f3dico de Catalunya, qui existe dans les deux langues officielles de la r\u00e9gion depuis 1997. Le journal met ainsi fin \u00e0 ce qu\u2019il qualifie d\u2019\u201canomalie\u201d et se met en phase avec une soci\u00e9t\u00e9 qui, depuis trente ans, est scolaris\u00e9e en langue r\u00e9gionale. Pour illustrer sa premi\u00e8re une en catalan, le journal avait choisi une \u0153uvre de T\u00e0pies, mais la capture et la mort d\u2019Oussama Ben Laden en ont d\u00e9cid\u00e9\u00a0autrement.<\/p>\n<p>      <a href=\"https:\/\/www.courrierinternational.com\/notule-source\/la-vanguardia\" class=\"source-link\" target=\"_blank\" rel=\"noopener\">Lire la suite<\/a>                 <\/p>\n<p>Nos services<\/p>\n","protected":false},"excerpt":{"rendered":"La France traverse une crise politique et financi\u00e8re qui s\u2019aggrave de jour en jour et dont les cons\u00e9quences&hellip;\n","protected":false},"author":2,"featured_media":352884,"comment_status":"","ping_status":"","sticky":false,"template":"","format":"standard","meta":{"footnotes":""},"categories":[1586],"tags":[11,7993,1073,1777,674,1011,27,15763,3821,12,316,25,2542],"class_list":{"0":"post-352883","1":"post","2":"type-post","3":"status-publish","4":"format-standard","5":"has-post-thumbnail","7":"category-europe","8":"tag-actualites","9":"tag-dette-publique","10":"tag-emmanuel-macron","11":"tag-eu","12":"tag-europe","13":"tag-fr","14":"tag-france","15":"tag-franu00e7ois-bayrou","16":"tag-la-france-vue-de-lu2019u00e9tranger","17":"tag-news","18":"tag-politique","19":"tag-republique-francaise","20":"tag-u00e9conomie"},"share_on_mastodon":{"url":"https:\/\/pubeurope.com\/@fr\/115113854608727836","error":""},"_links":{"self":[{"href":"https:\/\/www.europesays.com\/fr\/wp-json\/wp\/v2\/posts\/352883","targetHints":{"allow":["GET"]}}],"collection":[{"href":"https:\/\/www.europesays.com\/fr\/wp-json\/wp\/v2\/posts"}],"about":[{"href":"https:\/\/www.europesays.com\/fr\/wp-json\/wp\/v2\/types\/post"}],"author":[{"embeddable":true,"href":"https:\/\/www.europesays.com\/fr\/wp-json\/wp\/v2\/users\/2"}],"replies":[{"embeddable":true,"href":"https:\/\/www.europesays.com\/fr\/wp-json\/wp\/v2\/comments?post=352883"}],"version-history":[{"count":0,"href":"https:\/\/www.europesays.com\/fr\/wp-json\/wp\/v2\/posts\/352883\/revisions"}],"wp:featuredmedia":[{"embeddable":true,"href":"https:\/\/www.europesays.com\/fr\/wp-json\/wp\/v2\/media\/352884"}],"wp:attachment":[{"href":"https:\/\/www.europesays.com\/fr\/wp-json\/wp\/v2\/media?parent=352883"}],"wp:term":[{"taxonomy":"category","embeddable":true,"href":"https:\/\/www.europesays.com\/fr\/wp-json\/wp\/v2\/categories?post=352883"},{"taxonomy":"post_tag","embeddable":true,"href":"https:\/\/www.europesays.com\/fr\/wp-json\/wp\/v2\/tags?post=352883"}],"curies":[{"name":"wp","href":"https:\/\/api.w.org\/{rel}","templated":true}]}}