{"id":352893,"date":"2025-08-29T20:10:21","date_gmt":"2025-08-29T20:10:21","guid":{"rendered":"https:\/\/www.europesays.com\/fr\/352893\/"},"modified":"2025-08-29T20:10:21","modified_gmt":"2025-08-29T20:10:21","slug":"anne-charlotte-mora-simpose-haut-la-main-en-irlande","status":"publish","type":"post","link":"https:\/\/www.europesays.com\/fr\/352893\/","title":{"rendered":"Anne-Charlotte Mora s&rsquo;impose haut la main en Irlande"},"content":{"rendered":"<p>\t\t\t\t\t\t<img width=\"770\" height=\"557\" src=\"https:\/\/www.europesays.com\/fr\/wp-content\/uploads\/2025\/08\/mora-770x557.jpeg\" class=\"img-responsive wp-post-image\" alt=\"\" decoding=\"async\" fetchpriority=\"high\"  \/>\t\t\t\t\t<\/p>\n<p>\t\t\t\t\t\t Partager cet article <\/p>\n<p class=\"screen-reader-text juiz_sps_maybe_hidden_text\">Partager la publication \u00ab\u00a0Anne-Charlotte Mora s\u2019impose haut la main en Irlande\u00a0\u00bb<\/p>\n<p><strong>Anne-Charlotte Mora, la joueuse du Golf de l\u2019Ile d\u2019Or \u00e0 Nantes, a remport\u00e9 de mani\u00e8re autoritaire le Women\u2019s Irish Challenge, disput\u00e9 sur le Malahide Golf Club, dans le comt\u00e9 de Dublin. Elle devance de quatre coups l\u2019Allemande Verena Gimmy. Emma Grechi termine \u00e0 la huiti\u00e8me place. Lo\u00efs Lau et Lucie Andr\u00e9 sont dans le top 20.\u00a0<\/strong><\/p>\n<p>\t\t\t\t\t<a id=\"181442\" href=\"https:\/\/www.formigolf.fr\/voyage-pays~fairplay_golf__spa_resort_5etoiles_cadiz~199~espagne\" target=\"_blank\" rel=\"sponsorised nofollow noopener\"><img decoding=\"async\" src=\"data:image\/svg+xml,%3Csvg%20xmlns=\" http:=\"\" class=\"img-responsive\" alt=\"\" data-lazy-src=\"https:\/\/www.europesays.com\/fr\/wp-content\/uploads\/2025\/08\/formigolf-e08-andalousie-cadiz-1170x275-1.gif\"\/><\/a><\/p>\n<p><strong>H.D.<\/strong><\/p>\n<p>La Nantaise <strong>Anne-Charlotte Mora<\/strong> ne disputait que son troisi\u00e8me tournoi de la saison sur le <strong>Ladies European Tour Access Series<\/strong>. Ses deux premi\u00e8res sorties au Maroc et au Portugal s\u2019\u00e9taient sold\u00e9es par deux tops 20 ex aequo (18e et 13e). Cette semaine dans le comt\u00e9 de Dublin, elle a a fait partie du trio de t\u00eate \u00e0 l\u2019issue du premier tour, aux c\u00f4t\u00e9s de l\u2019Allemande <strong> Verena Gimmy <\/strong>\u00a0l\u2019Autrichienne <strong>Isabella Hopfer<\/strong>.<\/p>\n<p><a href=\"https:\/\/letaccess.com\/reports-page?url=https%3A%2F%2Finfo.ladieseuropeantour.com%2Ftic%2Ftmscores.cgi%3Ftourn%3D5018~season%3D2025~params%3DP%2a3ESC03~&amp;id=2025&amp;code=5018&amp;title=Round%203%20Scoreboard\" rel=\"nofollow noopener\" target=\"_blank\">Retrouvez le leaderboard complet<\/a><\/p>\n<p>Elle a ensuite pris seule la t\u00eate jeudi et ne l\u2019a plus l\u00e2ch\u00e9e. Elle l\u2019emporte de quatre coups sur Gimmy et de cinq sur Hopfer. Elle avait d\u00e9j\u00e0 obtenu son meilleur r\u00e9sultat cette saison en Irlande au <strong>KPMG Women\u2019s Irish Open<\/strong>, sur le <strong>Ladies European Tour<\/strong> au mois de juillet. Elle avait termin\u00e9 9e.\u00a0<\/p>\n<p>Partie avec un coup d\u2019avance ce vendredi sur cette m\u00eame Verena Gimmy, Anne-Charlotte Mora a bien d\u00e9marr\u00e9 avec des birdies aux trous 1 et 5 avant de traverser une zone de turbulences et de commettre deux bogeys au 6 et au 9. Sa rivale \u00e9tait alors Isabella Hopfer qui franchissait l\u2019aller avec un coup de retard, Verena Gimmy d\u00e9vissant de son c\u00f4t\u00e9 en +4. C\u2019est sur le retour que la Fran\u00e7aise de 28 ans a acc\u00e9l\u00e9r\u00e9 avec trois autres birdies. C\u2019est son premier titre sur la deuxi\u00e8me division europ\u00e9enne depuis 2022 et la finale de la saison \u00e0 Burgos.\u00a0<\/p>\n<p>\t\t\t\t\t<a id=\"182585\" href=\"https:\/\/www.golfcapdagde.com\/\" target=\"_blank\" rel=\"sponsorised nofollow noopener\"><img decoding=\"async\" src=\"data:image\/svg+xml,%3Csvg%20xmlns=\" http:=\"\" class=\"img-responsive\" alt=\"\" data-lazy-src=\"https:\/\/www.europesays.com\/fr\/wp-content\/uploads\/2025\/06\/capdagdegolf-e01-experience-golf-1170x275-1.gif\"\/><\/a><br \/>\nLes Fran\u00e7aises brillent<\/p>\n<p><strong>Emma Grechi<\/strong> a r\u00e9alis\u00e9 sa meilleure performance de la saison, sur sa quatri\u00e8me participation gr\u00e2ce \u00e0 sa seule journ\u00e9e sous le par 70 (-2) qui lui permet de jouer dans le par total et de d\u00e9crocher la huiti\u00e8me place ex aequo. Dans le top 5 \u00e0 l\u2019issue du deuxi\u00e8me tour, <strong>Lucie Andr\u00e9<\/strong> a v\u00e9cu une mauvaise journ\u00e9e : 77 avec cinq bogeys et un double. Elle recule \u00e0 la 20e place. Lucie Andr\u00e9 a \u00e9galement recul\u00e9 \u00e0 la 16e place apr\u00e8s deux derniers tours au-dessus du par. <strong>Chlo\u00e9 Salort<\/strong> (22e, +4) et <strong>Charlotte Liautier<\/strong> (56e, +13) ont aussi franchi le cut.\u00a0<\/p>\n<p>C\u2019est la troisi\u00e8me victoire d\u2019une Fran\u00e7aise cette saison, mais la premi\u00e8re d\u2019une joueuse professionnelle.<strong><a href=\"https:\/\/www.golfplanete.com\/actualites\/la-jeune-amateure-sara-brentcheneff-decroche-sa-premiere-victoire-au-portugal\/\" rel=\"nofollow noopener\" target=\"_blank\"> Sara Brentcheneff<\/a> <\/strong>avait en effet remport\u00e9 le <strong>Super Bock Ladies Open<\/strong> au Portugal et <a href=\"https:\/\/www.golfplanete.com\/actualites\/alice-kong-sacree-a-15-ans-sur-le-letas\/\" rel=\"nofollow noopener\" target=\"_blank\"><strong>Alice Kong, l\u2019Amundi Czech Ladies Open. <\/strong><\/a><\/p>\n<p>Prochain rendez-vous en Angleterre, du 5 au 7 septembre, pour le <strong>Rose Ladies Open<\/strong> sur le parcours du <strong>Hanbury Manor Marriot Hotel &amp; Country Club, <\/strong>\u00e0 moins de 2h au nord de Londres.\u00a0<\/p>\n<p>\t\t\t\t\t<a id=\"181434\" href=\"https:\/\/www.omegaeuropeanmasters.com\/fr\/tickets\/tickets\" target=\"_blank\" rel=\"sponsorised nofollow noopener\"><img decoding=\"async\" src=\"data:image\/svg+xml,%3Csvg%20xmlns=\" http:=\"\" class=\"img-responsive\" alt=\"\" data-lazy-src=\"https:\/\/www.europesays.com\/fr\/wp-content\/uploads\/2025\/08\/omegamasters-e02-billetterie-om25-1170x275-1.jpg\"\/><\/a><br \/>\nLe top 10<\/p>\n<p><img loading=\"lazy\" decoding=\"async\" class=\"alignnone size-large wp-image-183827\" src=\"data:image\/svg+xml,%3Csvg%20xmlns=\" http:=\"\" alt=\"\" width=\"770\" height=\"590\" data-lazy- data-lazy- data-lazy-src=\"https:\/\/www.europesays.com\/fr\/wp-content\/uploads\/2025\/08\/capture-decran-2025-08-29-173753-770x590.png\"\/> <img loading=\"lazy\" decoding=\"async\" class=\"alignnone size-large wp-image-183828\" src=\"data:image\/svg+xml,%3Csvg%20xmlns=\" http:=\"\" alt=\"\" width=\"770\" height=\"79\" data-lazy- data-lazy- data-lazy-src=\"https:\/\/www.europesays.com\/fr\/wp-content\/uploads\/2025\/08\/capture-decran-2025-08-29-173805-770x79.png\"\/><\/p>\n<p>\u00a0<br \/>\nLes autres fran\u00e7aises<\/p>\n<p><img loading=\"lazy\" decoding=\"async\" class=\"alignnone size-large wp-image-183829\" src=\"data:image\/svg+xml,%3Csvg%20xmlns=\" http:=\"\" alt=\"\" width=\"770\" height=\"387\" data-lazy- data-lazy- data-lazy-src=\"https:\/\/www.europesays.com\/fr\/wp-content\/uploads\/2025\/08\/capture-decran-2025-08-29-174016-770x387.png\"\/><\/p>\n<p>\t\t\t\t\t<a id=\"181417\" href=\"https:\/\/cabotbordeaux.com\/fr\/booking\/training-golf\" target=\"_blank\" rel=\"sponsorised nofollow noopener\"><img decoding=\"async\" src=\"data:image\/svg+xml,%3Csvg%20xmlns=\" http:=\"\" class=\"img-responsive\" alt=\"\" data-lazy-src=\"https:\/\/www.europesays.com\/fr\/wp-content\/uploads\/2025\/08\/cabot-e04-stage-septembre-1170x275-1.gif\"\/><\/a><\/p>\n<p>Photo : ForeFront Sports<\/p>\n","protected":false},"excerpt":{"rendered":"Partager cet article Partager la publication \u00ab\u00a0Anne-Charlotte Mora s\u2019impose haut la main en Irlande\u00a0\u00bb Anne-Charlotte Mora, la joueuse&hellip;\n","protected":false},"author":2,"featured_media":352894,"comment_status":"","ping_status":"","sticky":false,"template":"","format":"standard","meta":{"footnotes":""},"categories":[1418],"tags":[1011,27,1472,60],"class_list":{"0":"post-352893","1":"post","2":"type-post","3":"status-publish","4":"format-standard","5":"has-post-thumbnail","7":"category-golf","8":"tag-fr","9":"tag-france","10":"tag-golf","11":"tag-sports"},"share_on_mastodon":{"url":"https:\/\/pubeurope.com\/@fr\/115113874388396489","error":""},"_links":{"self":[{"href":"https:\/\/www.europesays.com\/fr\/wp-json\/wp\/v2\/posts\/352893","targetHints":{"allow":["GET"]}}],"collection":[{"href":"https:\/\/www.europesays.com\/fr\/wp-json\/wp\/v2\/posts"}],"about":[{"href":"https:\/\/www.europesays.com\/fr\/wp-json\/wp\/v2\/types\/post"}],"author":[{"embeddable":true,"href":"https:\/\/www.europesays.com\/fr\/wp-json\/wp\/v2\/users\/2"}],"replies":[{"embeddable":true,"href":"https:\/\/www.europesays.com\/fr\/wp-json\/wp\/v2\/comments?post=352893"}],"version-history":[{"count":0,"href":"https:\/\/www.europesays.com\/fr\/wp-json\/wp\/v2\/posts\/352893\/revisions"}],"wp:featuredmedia":[{"embeddable":true,"href":"https:\/\/www.europesays.com\/fr\/wp-json\/wp\/v2\/media\/352894"}],"wp:attachment":[{"href":"https:\/\/www.europesays.com\/fr\/wp-json\/wp\/v2\/media?parent=352893"}],"wp:term":[{"taxonomy":"category","embeddable":true,"href":"https:\/\/www.europesays.com\/fr\/wp-json\/wp\/v2\/categories?post=352893"},{"taxonomy":"post_tag","embeddable":true,"href":"https:\/\/www.europesays.com\/fr\/wp-json\/wp\/v2\/tags?post=352893"}],"curies":[{"name":"wp","href":"https:\/\/api.w.org\/{rel}","templated":true}]}}