{"id":352901,"date":"2025-08-29T20:16:11","date_gmt":"2025-08-29T20:16:11","guid":{"rendered":"https:\/\/www.europesays.com\/fr\/352901\/"},"modified":"2025-08-29T20:16:11","modified_gmt":"2025-08-29T20:16:11","slug":"red-bull-parmi-les-trois-equipes-avec-evolutions","status":"publish","type":"post","link":"https:\/\/www.europesays.com\/fr\/352901\/","title":{"rendered":"Red Bull parmi les trois \u00e9quipes avec \u00e9volutions"},"content":{"rendered":"<p>Le retour de la Formule 1 apr\u00e8s la tr\u00eave estivale se fait dans une atmosph\u00e8re sobre sur le plan technique. Pour le Grand Prix des Pays-Bas, qui relance une saison encore ouverte avec dix manches au calendrier, seules trois \u00e9quipes pr\u00e9sentent des nouveaut\u00e9s sur leurs monoplaces : Red Bull, Alpine et Sauber. La majorit\u00e9 du plateau pr\u00e9f\u00e8re se concentrer sur l\u2019avenir, en particulier sur 2026.<\/p>\n<p>Red Bull ajuste l\u2019aileron avant<\/p>\n<p>Parmi les \u00e9curies de pointe, seule Red Bull arrive \u00e0 Zandvoort avec une \u00e9volution visible. L\u2019\u00e9quipe de Milton Keynes a modifi\u00e9 la g\u00e9om\u00e9trie de son aileron avant, en allongeant la corde des volets pour g\u00e9n\u00e9rer davantage d\u2019appui a\u00e9rodynamique via l\u2019angle d\u2019attaque. Un choix dict\u00e9 par les caract\u00e9ristiques particuli\u00e8res du trac\u00e9 n\u00e9erlandais.<\/p>\n<p>En effet, le circuit de Zandvoort, situ\u00e9 dans les dunes au bord de la mer du Nord, se distingue par ses virages relev\u00e9s et ses variations d\u2019altitude constantes. Ces contraintes a\u00e9rodynamiques sp\u00e9cifiques ont pouss\u00e9 les ing\u00e9nieurs \u00e0 revoir le profil de l\u2019aileron afin d\u2019optimiser l\u2019\u00e9quilibre de la RB21 sur une piste exigeante pour les r\u00e9glages.<\/p>\n<p>Alpine et Sauber se concentrent sur l\u2019arri\u00e8re<\/p>\n<p>Les deux autres \u00e9curies \u00e0 innover ont choisi d\u2019intervenir sur l\u2019a\u00e9rodynamique arri\u00e8re, un domaine souvent discret mais essentiel pour l\u2019efficacit\u00e9 globale.<\/p>\n<p>Chez <strong>Alpine<\/strong>, les conduits de frein arri\u00e8re ont \u00e9t\u00e9 retravaill\u00e9s avec un nouveau profil d\u2019ailettes. Ces \u00e9l\u00e9ments, peu visibles mais importants, influencent l\u2019\u00e9coulement de l\u2019air autour des roues arri\u00e8re et contribuent \u00e0 limiter les turbulences. L\u2019effet attendu est une meilleure efficacit\u00e9 du diffuseur et une stabilit\u00e9 accrue du train arri\u00e8re. L\u2019\u00e9quipe d\u2019Enstone poursuit ainsi son approche m\u00e9thodique, \u00e0 la recherche de gains marginaux susceptibles de l\u2019aider \u00e0 progresser au classement.<\/p>\n<p>Du c\u00f4t\u00e9 de <strong>Sauber<\/strong>, le travail s\u2019est port\u00e9 sur la conception des aubes de conduits de frein arri\u00e8re. Les ing\u00e9nieurs suisses expliquent que ces ajustements modifient le champ d\u2019\u00e9coulement autour du diffuseur et des pneumatiques, zone notoirement complexe en raison des perturbations g\u00e9n\u00e9r\u00e9es par leur rotation. L\u2019objectif est le m\u00eame : maximiser l\u2019efficacit\u00e9 a\u00e9rodynamique dans une zone cl\u00e9.<\/p>\n<p>Entre pr\u00e9sent et perspective<\/p>\n<p>L\u2019absence d\u2019\u00e9volutions chez McLaren, Ferrari, Mercedes, Aston Martin, Haas, Racing Bulls et Williams confirme une tendance d\u00e9j\u00e0 perceptible ces derni\u00e8res courses. La plupart des \u00e9curies privil\u00e9gient d\u00e9sormais la pr\u00e9paration de la prochaine r\u00e9glementation plut\u00f4t que des gains imm\u00e9diats, conscientes que 2026 redistribuera compl\u00e8tement les \u00e9quilibres.<\/p>\n<p>En effet, la course au d\u00e9veloppement s\u2019efface progressivement au profit d\u2019une strat\u00e9gie tourn\u00e9e vers l\u2019avenir, ce qui pourrait faire de cette fin d\u2019ann\u00e9e une bataille davantage centr\u00e9e sur la gestion des ressources existantes que sur l\u2019introduction de pi\u00e8ces in\u00e9dites.<\/p>\n<p>Dans ce contexte, le Grand Prix des Pays-Bas servira de r\u00e9v\u00e9lateur sur l\u2019\u00e9tat de forme des \u00e9quipes apr\u00e8s la pause estivale, alors que chaque point compte pour les classements finaux.<\/p>\n<p>Photo: M\u00e9canicien de l\u2019\u00e9curie Oracle Red Bull Racing dans les stands. Overtake Agency \/ Alexis Perrin.<\/p>\n","protected":false},"excerpt":{"rendered":"Le retour de la Formule 1 apr\u00e8s la tr\u00eave estivale se fait dans une atmosph\u00e8re sobre sur le&hellip;\n","protected":false},"author":2,"featured_media":352902,"comment_status":"","ping_status":"","sticky":false,"template":"","format":"standard","meta":{"footnotes":""},"categories":[1412],"tags":[1451,1452,1453,1454,1455,1011,27,60],"class_list":{"0":"post-352901","1":"post","2":"type-post","3":"status-publish","4":"format-standard","5":"has-post-thumbnail","7":"category-f1","8":"tag-f1","9":"tag-formula-1","10":"tag-formula1","11":"tag-formule-1","12":"tag-formule1","13":"tag-fr","14":"tag-france","15":"tag-sports"},"share_on_mastodon":{"url":"https:\/\/pubeurope.com\/@fr\/115113897727082236","error":""},"_links":{"self":[{"href":"https:\/\/www.europesays.com\/fr\/wp-json\/wp\/v2\/posts\/352901","targetHints":{"allow":["GET"]}}],"collection":[{"href":"https:\/\/www.europesays.com\/fr\/wp-json\/wp\/v2\/posts"}],"about":[{"href":"https:\/\/www.europesays.com\/fr\/wp-json\/wp\/v2\/types\/post"}],"author":[{"embeddable":true,"href":"https:\/\/www.europesays.com\/fr\/wp-json\/wp\/v2\/users\/2"}],"replies":[{"embeddable":true,"href":"https:\/\/www.europesays.com\/fr\/wp-json\/wp\/v2\/comments?post=352901"}],"version-history":[{"count":0,"href":"https:\/\/www.europesays.com\/fr\/wp-json\/wp\/v2\/posts\/352901\/revisions"}],"wp:featuredmedia":[{"embeddable":true,"href":"https:\/\/www.europesays.com\/fr\/wp-json\/wp\/v2\/media\/352902"}],"wp:attachment":[{"href":"https:\/\/www.europesays.com\/fr\/wp-json\/wp\/v2\/media?parent=352901"}],"wp:term":[{"taxonomy":"category","embeddable":true,"href":"https:\/\/www.europesays.com\/fr\/wp-json\/wp\/v2\/categories?post=352901"},{"taxonomy":"post_tag","embeddable":true,"href":"https:\/\/www.europesays.com\/fr\/wp-json\/wp\/v2\/tags?post=352901"}],"curies":[{"name":"wp","href":"https:\/\/api.w.org\/{rel}","templated":true}]}}