{"id":352903,"date":"2025-08-29T20:17:11","date_gmt":"2025-08-29T20:17:11","guid":{"rendered":"https:\/\/www.europesays.com\/fr\/352903\/"},"modified":"2025-08-29T20:17:11","modified_gmt":"2025-08-29T20:17:11","slug":"vuelta-tour-despagne-joao-almeida-vingegaard-il-ne-doit-pas-souvent-relayer","status":"publish","type":"post","link":"https:\/\/www.europesays.com\/fr\/352903\/","title":{"rendered":"Vuelta. Tour d&rsquo;Espagne &#8211; Joao Almeida : \u00abVingegaard ? Il ne doit pas souvent relayer&#8230;\u00bb"},"content":{"rendered":"<p><strong>Joao Almeida<\/strong> est d\u00e9finitivement l&rsquo;un des pr\u00e9tendants au titre sur cette <a href=\"https:\/\/www.cyclismactu.net\/..\/news-vuelta-route-tour-d-espagne-juan-ayuso-prend-sa-revanche-sur-7e-etape-gaudu-perd-tout-89862.html\" target=\"_blank\" rel=\"nofollow noopener\"><strong>Vuelta<\/strong><\/a>. Le Portugais, remis de sa blessure du <strong>Tour de France<\/strong>, a attaqu\u00e9 dans le final de cette 7e \u00e9tape et a une nouvelle fois fait bonne impression, tandis que son co\u00e9quipier <strong>Juan Ayuso<\/strong> s\u2019offrait la victoire depuis l\u2019\u00e9chapp\u00e9e, signant un nouveau succ\u00e8s pour <strong>UAE Team Emirates XRG<\/strong>.\u00a0\u00ab\u00a0J\u2019ai demand\u00e9 \u00e0 Marc de rouler un peu, pour tenter quelque chose, mais je pensais que l\u2019ascension serait un peu plus dure, pour \u00eatre honn\u00eate. Mais bon, c\u2019est comme \u00e7a\u00a0\u00bb, a expliqu\u00e9 <strong>Almeida <\/strong>apr\u00e8s l\u2019arriv\u00e9e. \u00ab\u00a0J\u2019ai essay\u00e9, peut-\u00eatre qu\u2019il y avait une ouverture pour quelqu\u2019un, mais \u00e0 la fin ils n\u2019ont pas voulu collaborer non plus. Enfin voil\u00e0, une journ\u00e9e de moins.\u00a0\u00bb<\/p>\n<p>Vid\u00e9o &#8211; Juan Ayuso, vainqueur de cette 7e \u00e9tape Lire la suite de l&rsquo;article&#13;<\/p>\n<p>\u00a0<\/p>\n<p>&#13;<br \/>\n\u00ab\u00a0Juan Ayuso ?\u00a0Il le m\u00e9rite vraiment\u00a0\u00bb&#13;<\/p>\n<p>Interrog\u00e9 sur la passivit\u00e9 de <strong>Vingegaard<\/strong>, qui n&rsquo;a pas voulu relayer avec lui apr\u00e8s son attaque, <strong>Almeida <\/strong>a r\u00e9pondu :  \u00ab\u00a0Il n\u2019avait pas vraiment \u00e0 le faire, donc je comprends. Mais bon, c\u2019est comme \u00e7a. Je crois qu\u2019il ne prend pas souvent de relais, non ?\u00a0\u00bb a-t-il dit en riant.<\/p>\n<p>&#13;<\/p>\n<p>Le Portugais n\u2019a pas manqu\u00e9 non plus de f\u00e9liciter son co\u00e9quipier <strong>Ayuso <\/strong>pour sa victoire, la troisi\u00e8me cons\u00e9cutive de <strong>UAE Team Emirates XRG<\/strong> apr\u00e8s le contre-la-montre par \u00e9quipes et le succ\u00e8s de<strong> Jay Vine<\/strong> jeudi.  \u00ab\u00a0C\u2019est un grand coureur, avec une classe \u00e9norme et une force incroyable. Il le m\u00e9rite vraiment. \u00c7a a \u00e9t\u00e9 des hauts et des bas pour lui, mais c\u2019est un parcours difficile. Donc oui, il m\u00e9rite cette victoire. F\u00e9licitations \u00e0 lui, et aussi \u00e0 toute l\u2019\u00e9quipe, qui a \u00e9t\u00e9 exceptionnelle aujourd\u2019hui\u00a0\u00bb, a conclu <strong>Almeida<\/strong>.<\/p>\n<p>Tour d&rsquo;Espagne &#8211; Classement de la 7\u00e8 \u00e9tape Tour d&rsquo;Espagne &#8211; Classement g\u00e9n\u00e9ral provisoire apr\u00e8s la 7\u00e8 \u00e9tape<\/p>\n","protected":false},"excerpt":{"rendered":"Joao Almeida est d\u00e9finitivement l&rsquo;un des pr\u00e9tendants au titre sur cette Vuelta. Le Portugais, remis de sa blessure&hellip;\n","protected":false},"author":2,"featured_media":352904,"comment_status":"","ping_status":"","sticky":false,"template":"","format":"standard","meta":{"footnotes":""},"categories":[1411],"tags":[1154,207,1011,27,209,60,3318,208],"class_list":{"0":"post-352903","1":"post","2":"type-post","3":"status-publish","4":"format-standard","5":"has-post-thumbnail","7":"category-cyclisme","8":"tag-cycling","9":"tag-cyclisme","10":"tag-fr","11":"tag-france","12":"tag-route","13":"tag-sports","14":"tag-tour-d","15":"tag-velo"},"share_on_mastodon":{"url":"https:\/\/pubeurope.com\/@fr\/115113901785026666","error":""},"_links":{"self":[{"href":"https:\/\/www.europesays.com\/fr\/wp-json\/wp\/v2\/posts\/352903","targetHints":{"allow":["GET"]}}],"collection":[{"href":"https:\/\/www.europesays.com\/fr\/wp-json\/wp\/v2\/posts"}],"about":[{"href":"https:\/\/www.europesays.com\/fr\/wp-json\/wp\/v2\/types\/post"}],"author":[{"embeddable":true,"href":"https:\/\/www.europesays.com\/fr\/wp-json\/wp\/v2\/users\/2"}],"replies":[{"embeddable":true,"href":"https:\/\/www.europesays.com\/fr\/wp-json\/wp\/v2\/comments?post=352903"}],"version-history":[{"count":0,"href":"https:\/\/www.europesays.com\/fr\/wp-json\/wp\/v2\/posts\/352903\/revisions"}],"wp:featuredmedia":[{"embeddable":true,"href":"https:\/\/www.europesays.com\/fr\/wp-json\/wp\/v2\/media\/352904"}],"wp:attachment":[{"href":"https:\/\/www.europesays.com\/fr\/wp-json\/wp\/v2\/media?parent=352903"}],"wp:term":[{"taxonomy":"category","embeddable":true,"href":"https:\/\/www.europesays.com\/fr\/wp-json\/wp\/v2\/categories?post=352903"},{"taxonomy":"post_tag","embeddable":true,"href":"https:\/\/www.europesays.com\/fr\/wp-json\/wp\/v2\/tags?post=352903"}],"curies":[{"name":"wp","href":"https:\/\/api.w.org\/{rel}","templated":true}]}}