{"id":352905,"date":"2025-08-29T20:18:11","date_gmt":"2025-08-29T20:18:11","guid":{"rendered":"https:\/\/www.europesays.com\/fr\/352905\/"},"modified":"2025-08-29T20:18:11","modified_gmt":"2025-08-29T20:18:11","slug":"edon-zhegrova-a-lom-le-vrai-du-faux-demele","status":"publish","type":"post","link":"https:\/\/www.europesays.com\/fr\/352905\/","title":{"rendered":"Edon Zhegrova \u00e0 l&rsquo;OM, le vrai du faux d\u00e9m\u00eal\u00e9"},"content":{"rendered":"<p data-testid=\"article-teaser\">A 72 heures de la fermeture du mercato estival, l\u2019OM et Lille se lancent des attaques pour le dossier Edon Zhegrova. <\/p>\n<p>\u00c0 quelques jours de la fin du mercato, le nom d\u2019Edon Zhegrova ne cesse d\u2019alimenter les d\u00e9bats. Entre d\u00e9clarations chocs, n\u00e9gociations feutr\u00e9es et rumeurs persistantes, difficile de distinguer ce qui rel\u00e8ve de la r\u00e9alit\u00e9 et ce qui tient du discours strat\u00e9gique. <a href=\"https:\/\/www.goal.com\/fr\/listes\/losc-edon-zhegrova-vers-un-grand-club-de-ligue-1\/bltb211f0d52943190f\" target=\"_self\" rel=\"noopener\">Alors que l\u2019Olympique de Marseille semble avoir jet\u00e9 son d\u00e9volu sur l\u2019ailier du LOSC<\/a>, le dossier est marqu\u00e9 par des tensions publiques entre les dirigeants, laissant planer le doute sur l\u2019issue finale de cette affaire.<\/p>\n","protected":false},"excerpt":{"rendered":"A 72 heures de la fermeture du mercato estival, l\u2019OM et Lille se lancent des attaques pour le&hellip;\n","protected":false},"author":2,"featured_media":352906,"comment_status":"","ping_status":"","sticky":false,"template":"","format":"standard","meta":{"footnotes":""},"categories":[1410],"tags":[43861,63,1011,27,66,1307,1781,48946,2428,47732,884,1434,60,28401],"class_list":{"0":"post-352905","1":"post","2":"type-post","3":"status-publish","4":"format-standard","5":"has-post-thumbnail","7":"category-football","8":"tag-e-zhegrova","9":"tag-football","10":"tag-fr","11":"tag-france","12":"tag-ligue-1","13":"tag-lille","14":"tag-lorient","15":"tag-lorient-vs-lille","16":"tag-lyon","17":"tag-lyon-vs-marseille","18":"tag-marseille","19":"tag-mercato","20":"tag-sports","21":"tag-transfers"},"share_on_mastodon":{"url":"https:\/\/pubeurope.com\/@fr\/115113905699628521","error":""},"_links":{"self":[{"href":"https:\/\/www.europesays.com\/fr\/wp-json\/wp\/v2\/posts\/352905","targetHints":{"allow":["GET"]}}],"collection":[{"href":"https:\/\/www.europesays.com\/fr\/wp-json\/wp\/v2\/posts"}],"about":[{"href":"https:\/\/www.europesays.com\/fr\/wp-json\/wp\/v2\/types\/post"}],"author":[{"embeddable":true,"href":"https:\/\/www.europesays.com\/fr\/wp-json\/wp\/v2\/users\/2"}],"replies":[{"embeddable":true,"href":"https:\/\/www.europesays.com\/fr\/wp-json\/wp\/v2\/comments?post=352905"}],"version-history":[{"count":0,"href":"https:\/\/www.europesays.com\/fr\/wp-json\/wp\/v2\/posts\/352905\/revisions"}],"wp:featuredmedia":[{"embeddable":true,"href":"https:\/\/www.europesays.com\/fr\/wp-json\/wp\/v2\/media\/352906"}],"wp:attachment":[{"href":"https:\/\/www.europesays.com\/fr\/wp-json\/wp\/v2\/media?parent=352905"}],"wp:term":[{"taxonomy":"category","embeddable":true,"href":"https:\/\/www.europesays.com\/fr\/wp-json\/wp\/v2\/categories?post=352905"},{"taxonomy":"post_tag","embeddable":true,"href":"https:\/\/www.europesays.com\/fr\/wp-json\/wp\/v2\/tags?post=352905"}],"curies":[{"name":"wp","href":"https:\/\/api.w.org\/{rel}","templated":true}]}}