{"id":352911,"date":"2025-08-29T20:21:20","date_gmt":"2025-08-29T20:21:20","guid":{"rendered":"https:\/\/www.europesays.com\/fr\/352911\/"},"modified":"2025-08-29T20:21:20","modified_gmt":"2025-08-29T20:21:20","slug":"la-foret-des-livres-2025-se-prepare-dans-la-bonne-humeur-grace-a-une-equipe-de-choc-a-chanceaux-pres-loches","status":"publish","type":"post","link":"https:\/\/www.europesays.com\/fr\/352911\/","title":{"rendered":"La For\u00eat des livres 2025 se pr\u00e9pare dans la bonne humeur gr\u00e2ce \u00e0 \u00ab\u00a0une \u00e9quipe de choc\u00a0\u00bb, \u00e0 Chanceaux-pr\u00e8s-Loches"},"content":{"rendered":"<p>La 29e \u00e9dition de La For\u00eat des livres chez Gonzague Saint-Bris approche et les b\u00e9n\u00e9voles s\u2019activent de toute part pour accueillir les milliers de visiteurs attendus dimanche 31\u00a0ao\u00fbt 2025. Tentes, tables, chaises et barri\u00e8res sont d\u00e9j\u00e0 install\u00e9es sur le site du ch\u00e2teau de Chanceaux-pr\u00e8s-Loches. \u00ab\u00a0C\u2019est du non-stop. Aujourd\u2019hui, c\u2019est une grosse journ\u00e9e\u00a0\u00bb, constate <a title=\"Indre-et-Loire : Marie-Claude Mahiette, \u00ab un pilier \u00bb de La For\u00eat des livres\" target=\"_self\" href=\"https:\/\/www.lanouvellerepublique.fr\/indre-et-loire\/commune\/chanceaux-pres-loches\/indre-et-loire-marie-claude-mahiette-un-pilier-de-la-foret-des-livres\" rel=\"nofollow noopener\">Marie-Claude Mahiette, pr\u00e9sidente de la manifestation<\/a> depuis <a title=\"Gonzague Saint-Bris se tue dans un accident de voiture\" target=\"_self\" href=\"https:\/\/www.lanouvellerepublique.fr\/indre-et-loire\/gonzague-saint-bris-... &#010;  &lt;span style=\" font-weight:=\"\" bold=\"\" font-style:=\"\" italic=\"\" margin:=\"\" padding:=\"\" font-size:=\"\" line-height:=\"\" rel=\"nofollow noopener\"><br \/>\n    Cet article a \u00e9t\u00e9 tronqu\u00e9. Abonnez-vous pour lire l&rsquo;article complet sur notre site.<\/p>\n<p>  <\/a><\/p>\n<p><a title=\"Gonzague Saint-Bris se tue dans un accident de voiture\" target=\"_self\" href=\"https:\/\/www.lanouvellerepublique.fr\/indre-et-loire\/gonzague-saint-bris-... &#010;  &lt;span style=\" font-weight:=\"\" bold=\"\" font-style:=\"\" italic=\"\" margin:=\"\" padding:=\"\" font-size:=\"\" line-height:=\"\" rel=\"nofollow noopener\"><\/p>\n<p style=\"margin: 0 !important; padding: 0 !important; font-size: 12px !important;\">Cet article a \u00e9t\u00e9 tronqu\u00e9. Abonnez-vous pour lire l&rsquo;article complet.<\/p>\n<p>    <\/a><a href=\"https:\/\/www.lanouvellerepublique.fr\/abonnements\" style=\"display: inline-block; margin-top: 5px !important; padding: 6px 12px !important; background: #cb1c27; color: white; text-decoration: none; border-radius: 4px; font-size: 12px !important;\" rel=\"nofollow noopener\" target=\"_blank\"><br \/>\n      S&rsquo;abonner<br \/>\n    <\/a><\/p>\n","protected":false},"excerpt":{"rendered":"La 29e \u00e9dition de La For\u00eat des livres chez Gonzague Saint-Bris approche et les b\u00e9n\u00e9voles s\u2019activent de toute&hellip;\n","protected":false},"author":2,"featured_media":352912,"comment_status":"","ping_status":"","sticky":false,"template":"","format":"standard","meta":{"footnotes":""},"categories":[1357],"tags":[1392,1379,48211,14773,58,59,3337,1011,27,1387,41532,1380,1393,14356],"class_list":{"0":"post-352911","1":"post","2":"type-post","3":"status-publish","4":"format-standard","5":"has-post-thumbnail","7":"category-livres","8":"tag-a-la-une-local","9":"tag-books","10":"tag-chanceaux-pres-loches","11":"tag-dedicaces","12":"tag-divertissement","13":"tag-entertainment","14":"tag-festivals","15":"tag-fr","16":"tag-france","17":"tag-indre-et-loire","18":"tag-la-foret-des-livres","19":"tag-livres","20":"tag-loisirs","21":"tag-salons"},"share_on_mastodon":{"url":"https:\/\/pubeurope.com\/@fr\/115113917448533742","error":""},"_links":{"self":[{"href":"https:\/\/www.europesays.com\/fr\/wp-json\/wp\/v2\/posts\/352911","targetHints":{"allow":["GET"]}}],"collection":[{"href":"https:\/\/www.europesays.com\/fr\/wp-json\/wp\/v2\/posts"}],"about":[{"href":"https:\/\/www.europesays.com\/fr\/wp-json\/wp\/v2\/types\/post"}],"author":[{"embeddable":true,"href":"https:\/\/www.europesays.com\/fr\/wp-json\/wp\/v2\/users\/2"}],"replies":[{"embeddable":true,"href":"https:\/\/www.europesays.com\/fr\/wp-json\/wp\/v2\/comments?post=352911"}],"version-history":[{"count":0,"href":"https:\/\/www.europesays.com\/fr\/wp-json\/wp\/v2\/posts\/352911\/revisions"}],"wp:featuredmedia":[{"embeddable":true,"href":"https:\/\/www.europesays.com\/fr\/wp-json\/wp\/v2\/media\/352912"}],"wp:attachment":[{"href":"https:\/\/www.europesays.com\/fr\/wp-json\/wp\/v2\/media?parent=352911"}],"wp:term":[{"taxonomy":"category","embeddable":true,"href":"https:\/\/www.europesays.com\/fr\/wp-json\/wp\/v2\/categories?post=352911"},{"taxonomy":"post_tag","embeddable":true,"href":"https:\/\/www.europesays.com\/fr\/wp-json\/wp\/v2\/tags?post=352911"}],"curies":[{"name":"wp","href":"https:\/\/api.w.org\/{rel}","templated":true}]}}