{"id":352915,"date":"2025-08-29T20:23:07","date_gmt":"2025-08-29T20:23:07","guid":{"rendered":"https:\/\/www.europesays.com\/fr\/352915\/"},"modified":"2025-08-29T20:23:07","modified_gmt":"2025-08-29T20:23:07","slug":"jai-besoin-de-guerir-cette-celebre-chanteuse-de-37-ans-obligee-dannoncer-une-mauvaise-nouvelle-le-public-francais-concerne-purepeople","status":"publish","type":"post","link":"https:\/\/www.europesays.com\/fr\/352915\/","title":{"rendered":"&quot;J&#039;ai besoin de gu\u00e9rir&quot; : Cette c\u00e9l\u00e8bre chanteuse de 37 ans oblig\u00e9e d&#039;annoncer une mauvaise nouvelle, le public fran\u00e7ais concern\u00e9 &#8211; Purepeople"},"content":{"rendered":"<ol>\n<li><a href=\"https:\/\/news.google.com\/rss\/articles\/CBMi-wFBVV95cUxNcHdxUFRlamd2d1NjQXp6d3hSeUppbjBUTC1DdWZJNzJHZTZoRlRLcGdvTHM3U0w5OGhFQXNZa2E4YTNaa3RESHNGRVZoaXpTY25iSXBpNG5yVnJ5SWV2Vnlab0E3N3hGanVjbFlDZkVpdzR3TW9QZ3dLTUoyTDNzUVU4N3BCb2hKZ01xYzRUSnlqWXFFNmJ5STRjV2YxTGJWeGRubkU1bDFEQjhvZnludDJ2V3lIV3RKOXZNUnRrcWQzdVJ0c1JLdUNLWWJ0eXdZM3pzVVV6eEZYMHRubkFoVzNNTkZmM3oybHhEa3dmYjhLaG0tMWNCR2xwMA?oc=5\" target=\"_blank\" rel=\"nofollow noopener\">\u00ab\u00a0J&rsquo;ai besoin de gu\u00e9rir\u00a0\u00bb : Cette c\u00e9l\u00e8bre chanteuse de 37 ans oblig\u00e9e d&rsquo;annoncer une mauvaise nouvelle, le public fran\u00e7ais concern\u00e9<\/a>&nbsp;&nbsp;Purepeople<\/li>\n<li><a href=\"https:\/\/news.google.com\/rss\/articles\/CBMi8gFBVV95cUxNSWRwdVZJSndsWEdURENidVpqY3ZCN1MwamVldDV5cWhPYjFia3pTY3JjbXN1QmIzdkN0UllxRklSRXNqMHg2d1JkRXJ1bFdKT0tuV1QwOXNyb0hsWDVPaW5JQ0h0TmJLWl9vUFcwQkRmNGFfU1J5S1gweU1hUThjcGphRlZ1a2hCZDJ2amU5SlM4anVBa1p6ZHhDSGQyeTZEN0Z3Vjc2SG1FekxiR1dVem5OMFA2UFkwUnBPSmZlYTMtY1p2cUR5Q3Y0Y2JuTHEwUWNrT3RYZzFrNlBzV0N1cndYZHZrYUYzNkM5QzJUcGpjQQ?oc=5\" target=\"_blank\" rel=\"nofollow noopener\">Apr\u00e8s une mastectomie, la chanteuse Jessie J contrainte d&rsquo;annuler sa tourn\u00e9e en raison d&rsquo;une nouvelle op\u00e9ration<\/a>&nbsp;&nbsp;BFMTV<\/li>\n<li><a href=\"https:\/\/news.google.com\/rss\/articles\/CBMi5wFBVV95cUxONW5YWnBxOVFkNUJUOUU4ajJ4bnc5VHllc0hFdVdHaVZxODZVWUFsWUx2aTNYMWlDXzFiamRMQ0Q3clo2UG5sWmtPVVZaZEZjbU05ck1hTDBxdVI1YzY3Z0NiZ0FscVRObGxiQjRTTHlGQllXRk5rOGwxbGZmVmMtRklDX2ZLcFpMUkdFelJkSTUwc0gzaGZ5clp1V2tSOGVDQnN2NTBBQTNGTzNaMVpRM1MxSFljV2oyV2dmbFRKQVFWdWtvQmVqZG9tUWJPdmMyTHVXUlY4MUxVRVJJenM5YmlBSHhBVEU?oc=5\" target=\"_blank\" rel=\"nofollow noopener\">\u00ab J\u2019ai besoin d\u2019aller mieux \u00bb : Jessie J doit renoncer \u00e0 sa tourn\u00e9e europ\u00e9enne<\/a>&nbsp;&nbsp;Le HuffPost<\/li>\n<li><a href=\"https:\/\/news.google.com\/rss\/articles\/CBMitwFBVV95cUxOaUJOMEdNeHF6WkEzZ2VTcHRDZkxjaXlrUkQ2eWZuTGwyYlhoUGJyWjY4eHM0b2NlRF9aOTNOdWt6a0N5Um0zcnpTZi0xeUR4U0JYV0VPSkVmMXkyU1czVmdMMzVZeS1vSlgwdkVVZjQ5UTh6ZURkemd5dTk1SXV3NGwxakJaZ0ZyYzBOUkJWU05zREpfUzBzdkFjdVhEbTk1bDRPaEk2b3B6dlVkY2xuc2QtMEt3R0E?oc=5\" target=\"_blank\" rel=\"nofollow noopener\">Jessie J repousse sa tourn\u00e9e pour subir une nouvelle op\u00e9ration<\/a>&nbsp;&nbsp;20 Minutes<\/li>\n<li><a href=\"https:\/\/news.google.com\/rss\/articles\/CBMi2AFBVV95cUxPY1RDRzBubUprV0F3YkpTYjJ1NHhiZ0xXdjB6SkFCSDZhY2NNTmVMNFFSMG94ZktxaUYwZmVOdS1tOERTZ3hzd1FiTzBWUlVmaVBPMmo3TW9UMm90R1QyazVkNXRHLW5OQ25QdUczd3JGVTBzOWVGMks1VzhjUzR5UkhWcDNWNElnUzFESzdZdWJyOWNYdGljUTl5VkIxelFVZmkwUnlCU2NkcHhwdTJMUFNnN3plN280d3d0eXFUWHhhY3RJNmNZY0xyMmVWZ1lSRWNkY0Y0WXg?oc=5\" target=\"_blank\" rel=\"nofollow noopener\">Jessie J face au cancer : pour combattre la maladie au mieux, elle prend une d\u00e9cision radicale<\/a>&nbsp;&nbsp;Gala<\/li>\n<\/ol>\n","protected":false},"excerpt":{"rendered":"\u00ab\u00a0J&rsquo;ai besoin de gu\u00e9rir\u00a0\u00bb : Cette c\u00e9l\u00e8bre chanteuse de 37 ans oblig\u00e9e d&rsquo;annoncer une mauvaise nouvelle, le public&hellip;\n","protected":false},"author":2,"featured_media":1445,"comment_status":"","ping_status":"","sticky":false,"template":"","format":"standard","meta":{"footnotes":""},"categories":[1355],"tags":[58,59,1011,27,1361,873],"class_list":{"0":"post-352915","1":"post","2":"type-post","3":"status-publish","4":"format-standard","5":"has-post-thumbnail","7":"category-musique","8":"tag-divertissement","9":"tag-entertainment","10":"tag-fr","11":"tag-france","12":"tag-music","13":"tag-musique"},"share_on_mastodon":{"url":"https:\/\/pubeurope.com\/@fr\/115113925333789823","error":""},"_links":{"self":[{"href":"https:\/\/www.europesays.com\/fr\/wp-json\/wp\/v2\/posts\/352915","targetHints":{"allow":["GET"]}}],"collection":[{"href":"https:\/\/www.europesays.com\/fr\/wp-json\/wp\/v2\/posts"}],"about":[{"href":"https:\/\/www.europesays.com\/fr\/wp-json\/wp\/v2\/types\/post"}],"author":[{"embeddable":true,"href":"https:\/\/www.europesays.com\/fr\/wp-json\/wp\/v2\/users\/2"}],"replies":[{"embeddable":true,"href":"https:\/\/www.europesays.com\/fr\/wp-json\/wp\/v2\/comments?post=352915"}],"version-history":[{"count":0,"href":"https:\/\/www.europesays.com\/fr\/wp-json\/wp\/v2\/posts\/352915\/revisions"}],"wp:featuredmedia":[{"embeddable":true,"href":"https:\/\/www.europesays.com\/fr\/wp-json\/wp\/v2\/media\/1445"}],"wp:attachment":[{"href":"https:\/\/www.europesays.com\/fr\/wp-json\/wp\/v2\/media?parent=352915"}],"wp:term":[{"taxonomy":"category","embeddable":true,"href":"https:\/\/www.europesays.com\/fr\/wp-json\/wp\/v2\/categories?post=352915"},{"taxonomy":"post_tag","embeddable":true,"href":"https:\/\/www.europesays.com\/fr\/wp-json\/wp\/v2\/tags?post=352915"}],"curies":[{"name":"wp","href":"https:\/\/api.w.org\/{rel}","templated":true}]}}