{"id":352918,"date":"2025-08-29T20:25:10","date_gmt":"2025-08-29T20:25:10","guid":{"rendered":"https:\/\/www.europesays.com\/fr\/352918\/"},"modified":"2025-08-29T20:25:10","modified_gmt":"2025-08-29T20:25:10","slug":"moustique-tigre-un-cas-de-dengue-identifie-pres-de-perpignan-219-cas-de-dengue-chikungunya-et-zika-en-occitanie","status":"publish","type":"post","link":"https:\/\/www.europesays.com\/fr\/352918\/","title":{"rendered":"Moustique tigre\u00a0: Un cas de Dengue identifi\u00e9 pr\u00e8s de Perpignan, 219 cas de Dengue, Chikungunya et Zika en Occitanie"},"content":{"rendered":"<p>\n                                                                L\u2019Agence R\u00e9gionale de Sant\u00e9 r\u00e9v\u00e8le un premier cas autochtone de Dengue identifi\u00e9 sur la commune de Canet-En-Roussillon en cet \u00e9t\u00e9 2025.\n                            <\/p>\n<p>Le moustique tigre prend ses aises en Occitanie. Le point de situation, boucl\u00e9 au 27\u00a0ao\u00fbt 2025, de l\u2019ARS le confirme. Entre le 1er\u00a0mai et ce 27\u00a0ao\u00fbt, pas mois de 96 cas import\u00e9s de Chikungunya ont \u00e9t\u00e9 recens\u00e9s et 38 cas autochtones (19 dans le\u00a0Gard, 19 dans l\u2019H\u00e9rault). 82 cas import\u00e9s de dengue ont aussi \u00e9t\u00e9 r\u00e9v\u00e9l\u00e9s, dont 1 \u00e0 Canet-en-Roussillon, l\u2019autre dans le lot. Enfin, un cas import\u00e9 de Zika a \u00e9t\u00e9 confirm\u00e9.<\/p>\n<p>L\u2019ARS pr\u00e9cise qu\u2019autour de chaque cas signal\u00e9 de dengue, de chikungunya ou de Zika, des investigations et mesures de gestion sont d\u00e9ploy\u00e9es par les services de l\u2019\u00c9tat, l\u2019ARS Occitanie, Sant\u00e9 publique France et Altopictus<br \/>(Op\u00e9rateur de d\u00e9moustication de l\u2019ARS), en lien avec les professionnels de sant\u00e9 du territoire.<br \/>Ces actions comprennent notamment\u00a0:<br \/>\u2022 Une enqu\u00eate \u00e9pid\u00e9miologique pour identifier l\u2019ensemble des lieux d\u2019exposition \u00e0 risque.<br \/>\u2022 Des enqu\u00eates entomologiques pour identifier la pr\u00e9sence de moustiques tigre autour des lieux de<br \/>passage de la personne malade.<br \/>\u2022 Des op\u00e9rations de d\u00e9moustication cibl\u00e9es, visant \u00e0 \u00e9liminer les g\u00eetes larvaires et les moustiques<br \/>adultes dans les secteurs concern\u00e9s. Les riverains sont inform\u00e9s en amont de ces interventions.<br \/>\u2022 Une sensibilisation renforc\u00e9e de la population autour des zones concern\u00e9es.<br \/>\u2022 Une sensibilisation des professionnels de sant\u00e9 locaux pour renforcer le signalement de tout<br \/>nouveau cas suspect.<\/p>\n<p>L\u2019ARS rappelle \u00e9galement les gestes pour lutter contre le moustique tigre<\/p>\n<p>\u2022 \u00c9liminer les endroits o\u00f9 l\u2019eau peut stagner<br \/>\u2022 Changer l\u2019eau des plantes et des fleurs au moins une fois par semaine ou, si possible,<br \/>supprimer ou remplir de sable les soucoupes des pots de fleurs<br \/>\u2022 V\u00e9rifier le bon \u00e9coulement des eaux et nettoyer r\u00e9guli\u00e8rement\u00a0: goutti\u00e8res, regards,<br \/>caniveaux<br \/>\u2022 Couvrir les r\u00e9servoirs d\u2019eau (bidons d\u2019eau, citernes, bassins) avec un voile moustiquaire ou<br \/>un simple tissu, couvrir les petites piscines hors d\u2019usage<br \/>\u2022 \u00c9liminer les lieux de repos des moustiques adultes\u00a0: d\u00e9broussailler et tailler les herbes<br \/>hautes et les haies, ramasser les fruits tomb\u00e9s et les d\u00e9bris v\u00e9g\u00e9taux, r\u00e9duire les sources<br \/>d\u2019humidit\u00e9\u2026<\/p>\n","protected":false},"excerpt":{"rendered":"L\u2019Agence R\u00e9gionale de Sant\u00e9 r\u00e9v\u00e8le un premier cas autochtone de Dengue identifi\u00e9 sur la commune de Canet-En-Roussillon en&hellip;\n","protected":false},"author":2,"featured_media":352919,"comment_status":"","ping_status":"","sticky":false,"template":"","format":"standard","meta":{"footnotes":""},"categories":[10],"tags":[1011,27,72,71],"class_list":{"0":"post-352918","1":"post","2":"type-post","3":"status-publish","4":"format-standard","5":"has-post-thumbnail","7":"category-sante","8":"tag-fr","9":"tag-france","10":"tag-health","11":"tag-sante"},"share_on_mastodon":{"url":"https:\/\/pubeurope.com\/@fr\/115113933155842336","error":""},"_links":{"self":[{"href":"https:\/\/www.europesays.com\/fr\/wp-json\/wp\/v2\/posts\/352918","targetHints":{"allow":["GET"]}}],"collection":[{"href":"https:\/\/www.europesays.com\/fr\/wp-json\/wp\/v2\/posts"}],"about":[{"href":"https:\/\/www.europesays.com\/fr\/wp-json\/wp\/v2\/types\/post"}],"author":[{"embeddable":true,"href":"https:\/\/www.europesays.com\/fr\/wp-json\/wp\/v2\/users\/2"}],"replies":[{"embeddable":true,"href":"https:\/\/www.europesays.com\/fr\/wp-json\/wp\/v2\/comments?post=352918"}],"version-history":[{"count":0,"href":"https:\/\/www.europesays.com\/fr\/wp-json\/wp\/v2\/posts\/352918\/revisions"}],"wp:featuredmedia":[{"embeddable":true,"href":"https:\/\/www.europesays.com\/fr\/wp-json\/wp\/v2\/media\/352919"}],"wp:attachment":[{"href":"https:\/\/www.europesays.com\/fr\/wp-json\/wp\/v2\/media?parent=352918"}],"wp:term":[{"taxonomy":"category","embeddable":true,"href":"https:\/\/www.europesays.com\/fr\/wp-json\/wp\/v2\/categories?post=352918"},{"taxonomy":"post_tag","embeddable":true,"href":"https:\/\/www.europesays.com\/fr\/wp-json\/wp\/v2\/tags?post=352918"}],"curies":[{"name":"wp","href":"https:\/\/api.w.org\/{rel}","templated":true}]}}