{"id":352924,"date":"2025-08-29T20:28:12","date_gmt":"2025-08-29T20:28:12","guid":{"rendered":"https:\/\/www.europesays.com\/fr\/352924\/"},"modified":"2025-08-29T20:28:12","modified_gmt":"2025-08-29T20:28:12","slug":"la-porsche-911-gt3-992-devient-un-monstre-de-920-ch","status":"publish","type":"post","link":"https:\/\/www.europesays.com\/fr\/352924\/","title":{"rendered":"la Porsche 911 GT3 992 devient un monstre de 920 ch"},"content":{"rendered":"<p>La nouvelle RML GT Hypercar\u00a0(GTH), projet exclusif du c\u00e9l\u00e8bre constructeur britannique, a fait ses d\u00e9buts\u00a0au\u00a0Salon Priv\u00e9 2025\u00a0, un \u00e9v\u00e9nement de voitures classiques et sportives qui se tient en France cette ann\u00e9e du 27 au 31 ao\u00fbt.<\/p>\n<p>Le point de d\u00e9part a \u00e9t\u00e9 une <a href=\"https:\/\/fr.motor1.com\/porsche\/911-gt3\/\" data-inline-widget=\"internal-links\" data-type-id=\"1\" data-params=\"%7B%22make_alias%22%3A%22porsche%22%2C%22alias%22%3A%22911-gt3%22%7D\" target=\"_blank\" rel=\"noopener\">Porsche 911 GT3<\/a>\u00a0de la s\u00e9rie 992, profond\u00e9ment transform\u00e9e pour devenir une Gran Turismo extr\u00eame inspir\u00e9e des l\u00e9gendaires Hypercar du Mans comme la Porsche GT1.<\/p>\n<p>Comment est n\u00e9 le projet P39<\/p>\n<p>Avec plus de 40 ans de succ\u00e8s derri\u00e8re elle dans le sport automobile et la r\u00e9alisation de voitures sp\u00e9ciales, RML a d\u00e9velopp\u00e9 la GT Hypercar avec l&rsquo;ambition de cr\u00e9er la Gran Turismo ultime. N\u00e9e sous le nom de code P39, elle repr\u00e9sente le 39\u00e8me projet sign\u00e9 par l&rsquo;entreprise de Wellingborough, d\u00e9j\u00e0 responsable de voitures de course et prototypes de tr\u00e8s haut niveau, comme la <a href=\"https:\/\/fr.motor1.com\/news\/145617\/nio-ep9-la-video-du-record-sur-la-nordschleife\/\" data-inline-widget=\"internal-links\" data-type-id=\"0\" data-params=\"%7B%22article_edition_id%22%3A%22145617%22%2C%22section%22%3A%221%22%2C%22alias%22%3A%22nio-ep9-la-video-du-record-sur-la-nordschleife%22%7D\" target=\"_blank\" rel=\"noopener\">NIO EP9<\/a> d\u00e9tentrice de records au Nurburgring.<\/p>\n<p>La nouvelle hypercar a \u00e9t\u00e9 con\u00e7ue pour combiner performances extr\u00eames et utilisabilit\u00e9 routi\u00e8re, gr\u00e2ce \u00e0 des solutions comme l\u2019a\u00e9rodynamique active et les suspensions \u00e0 contr\u00f4le \u00e9lectronique qui permettent d&rsquo;affronter la piste \u00e0 un rythme record sans renoncer au confort sur la route.<\/p>\n<p>        <img decoding=\"async\" src=\"https:\/\/www.europesays.com\/fr\/wp-content\/uploads\/2025\/04\/16x9-tr.png\" alt=\"RML GT Hypercar (GTH) 2025\" width=\"16\" height=\"9\" loading=\"lazy\"\/><\/p>\n<p>RML GT Hypercar (GTH) 2025<\/p>\n<p>Photo : Newspress<\/p>\n<p>Une \u00e9dition sp\u00e9ciale collector<\/p>\n<p>L&rsquo;exemplaire d\u00e9voil\u00e9 au Salon Priv\u00e9 n&rsquo;est pas seulement le premier des 39 pr\u00e9vus, mais aussi l&rsquo;un des seuls 10 exemplaires Special Edition pour le 40\u00e8me anniversaire de RML. Dans cette configuration exclusive, la puissance a \u00e9t\u00e9 port\u00e9e \u00e0 920 ch avec plus de 1 000 Nm de couple, gr\u00e2ce \u00e0 un travail de mise au point du moteur <a href=\"https:\/\/fr.motor1.com\/porsche\/\" data-inline-widget=\"internal-links\" data-type-id=\"2\" data-params=\"%7B%22alias%22%3A%22porsche%22%7D\" target=\"_blank\" rel=\"noopener\">Porsche<\/a> r\u00e9alis\u00e9 en collaboration avec le pr\u00e9parateur Litchfield Motors.<\/p>\n<p>L&rsquo;\u00e9quipement comprend \u00e9galement les packs Performance et Track, avec ch\u00e2ssis r\u00e9glable en hauteur, arceau-cage arri\u00e8re et suppression des si\u00e8ges arri\u00e8re.<\/p>\n<p>        <img decoding=\"async\" src=\"https:\/\/www.europesays.com\/fr\/wp-content\/uploads\/2025\/04\/16x9-tr.png\" alt=\"RML GT Hypercar (GTH) 2025\" width=\"16\" height=\"9\" loading=\"lazy\"\/><\/p>\n<p>RML GT Hypercar (GTH) 2025<\/p>\n<p>Photo : Newspress<\/p>\n<p>Mais ce n&rsquo;est pas tout. Le lancement a \u00e9galement r\u00e9v\u00e9l\u00e9 les possibilit\u00e9s presque infinies de personnalisation. La sportive, en effet, a \u00e9t\u00e9 pr\u00e9sent\u00e9e en Storm Purple avec capot et toit en carbone apparent, jantes dor\u00e9es \u00e0 fixation centrale et \u00e9triers de frein de couleur Gunmetal. \u00c0 l&rsquo;int\u00e9rieur, ont \u00e9t\u00e9 install\u00e9es des coutures et ceintures en teinte Crayon, inserts en carbone apparent assortis \u00e0 la carrosserie et arceau-cage fini dans le m\u00eame Storm Purple que la livr\u00e9e ext\u00e9rieure.<\/p>\n<p>        <img decoding=\"async\" src=\"https:\/\/www.europesays.com\/fr\/wp-content\/uploads\/2025\/04\/16x9-tr.png\" alt=\"RML GT Hypercar (GTH) 2025\" width=\"16\" height=\"9\" loading=\"lazy\"\/><\/p>\n<p>RML GT Hypercar (GTH) 2025<\/p>\n<p>Photo : Newspress<\/p>\n<p>Un h\u00e9ritage de 40 ans<\/p>\n<p>Fond\u00e9 en 1984 par le pilote et ing\u00e9nieur Ray Mallock, le RML Group a construit au fil des ans un CV compos\u00e9 de voitures de tourisme championnes du monde, GT de course, hypercars sur mesure et technologies avanc\u00e9es pour batteries. Aujourd&rsquo;hui, l&rsquo;entreprise op\u00e8re depuis un si\u00e8ge \u00e0 la pointe de la technologie \u00e0 Wellingborough, continuant d&rsquo;offrir des services de conception, d\u00e9veloppement et production limit\u00e9e \u00e0 des constructeurs et clients priv\u00e9s.<\/p>\n<p>                            <a href=\"http:\/\/fr.motor1.com\/photos\/910946\/rml-gt-hypercar-gth-2025\/#8231029_hypercar-rml-gt-gth-2025\" class=\"msnt-photo-thumb-gallery-main-photo-box\" target=\"_blank\" rel=\"noopener\"><\/p>\n<p>                                    <img decoding=\"async\" src=\"https:\/\/www.europesays.com\/fr\/wp-content\/uploads\/2025\/04\/16x9-tr.png\" loading=\"lazy\" alt=\"Hypercar RML GT (GTH) 2025\" width=\"16\" height=\"9\"\/><\/p>\n<p>                            <\/a><\/p>\n<p>                                    4                                <\/p>\n<p>\n                            Source: Newspress                        <\/p>\n","protected":false},"excerpt":{"rendered":"La nouvelle RML GT Hypercar\u00a0(GTH), projet exclusif du c\u00e9l\u00e8bre constructeur britannique, a fait ses d\u00e9buts\u00a0au\u00a0Salon Priv\u00e9 2025\u00a0, un&hellip;\n","protected":false},"author":2,"featured_media":352925,"comment_status":"","ping_status":"","sticky":false,"template":"","format":"standard","meta":{"footnotes":""},"categories":[7],"tags":[47392,1011,27,6027,43,40,41,39,42,44],"class_list":{"0":"post-352924","1":"post","2":"type-post","3":"status-publish","4":"format-standard","5":"has-post-thumbnail","7":"category-sciences-et-technologies","8":"tag-curiositu00e9s","9":"tag-fr","10":"tag-france","11":"tag-porsche","12":"tag-science","13":"tag-science-and-technology","14":"tag-sciences","15":"tag-sciences-et-technologies","16":"tag-technologies","17":"tag-technology"},"share_on_mastodon":{"url":"https:\/\/pubeurope.com\/@fr\/115113945767288882","error":""},"_links":{"self":[{"href":"https:\/\/www.europesays.com\/fr\/wp-json\/wp\/v2\/posts\/352924","targetHints":{"allow":["GET"]}}],"collection":[{"href":"https:\/\/www.europesays.com\/fr\/wp-json\/wp\/v2\/posts"}],"about":[{"href":"https:\/\/www.europesays.com\/fr\/wp-json\/wp\/v2\/types\/post"}],"author":[{"embeddable":true,"href":"https:\/\/www.europesays.com\/fr\/wp-json\/wp\/v2\/users\/2"}],"replies":[{"embeddable":true,"href":"https:\/\/www.europesays.com\/fr\/wp-json\/wp\/v2\/comments?post=352924"}],"version-history":[{"count":0,"href":"https:\/\/www.europesays.com\/fr\/wp-json\/wp\/v2\/posts\/352924\/revisions"}],"wp:featuredmedia":[{"embeddable":true,"href":"https:\/\/www.europesays.com\/fr\/wp-json\/wp\/v2\/media\/352925"}],"wp:attachment":[{"href":"https:\/\/www.europesays.com\/fr\/wp-json\/wp\/v2\/media?parent=352924"}],"wp:term":[{"taxonomy":"category","embeddable":true,"href":"https:\/\/www.europesays.com\/fr\/wp-json\/wp\/v2\/categories?post=352924"},{"taxonomy":"post_tag","embeddable":true,"href":"https:\/\/www.europesays.com\/fr\/wp-json\/wp\/v2\/tags?post=352924"}],"curies":[{"name":"wp","href":"https:\/\/api.w.org\/{rel}","templated":true}]}}