{"id":352926,"date":"2025-08-29T20:29:09","date_gmt":"2025-08-29T20:29:09","guid":{"rendered":"https:\/\/www.europesays.com\/fr\/352926\/"},"modified":"2025-08-29T20:29:09","modified_gmt":"2025-08-29T20:29:09","slug":"une-bagarre-eclate-entre-un-agent-et-deux-voyageurs-a-laeroport-de-nice","status":"publish","type":"post","link":"https:\/\/www.europesays.com\/fr\/352926\/","title":{"rendered":"Une bagarre \u00e9clate entre un agent et deux voyageurs \u00e0 l&rsquo;a\u00e9roport de Nice"},"content":{"rendered":"<p>Un diff\u00e9rend sur des bagages a d\u00e9g\u00e9n\u00e9r\u00e9 samedi 23 ao\u00fbt 2025 \u00e0 l\u2019a\u00e9roport de Nice, entre un agent a\u00e9roportuaire et un couple. Les deux voyageurs seront jug\u00e9s en d\u00e9cembre prochain.<\/p>\n<p>Une sc\u00e8ne de chaos sous les yeux des voyageurs. Une bagarre a \u00e9clat\u00e9 samedi 23 ao\u00fbt entre un agent a\u00e9roportuaire et un voyageur \u00e0 l&rsquo;a\u00e9roport de Nice, ont rapport\u00e9 ce vendredi 29 ao\u00fbt plusieurs m\u00e9dias, dont <a href=\"https:\/\/france3-regions.franceinfo.fr\/provence-alpes-cote-d-azur\/alpes-maritimes\/nice\/video-ils-refusent-de-payer-le-supplement-bagages-une-bagarre-eclate-a-l-aeroport-de-nice-cote-d-azur-deux-voyageurs-devant-la-justice-3208598.html\" target=\"_blank\" class=\"external_link\" rel=\"nofollow noopener\">France 3 C\u00f4te d&rsquo;Azur<\/a> et <a href=\"https:\/\/www.nicematin.com\/faits-divers\/il-refuse-de-payer-un-supplement-bagages-le-litige-se-termine-en-bagarre-a-l-aeroport-de-nice-999711\" target=\"_blank\" class=\"external_link\" rel=\"nofollow noopener\">Nice Matin<\/a>.<\/p>\n<p>Tout est parti d&rsquo;une discorde sur la taille d&rsquo;un bagage, g\u00e9n\u00e9ralement contr\u00f4l\u00e9 minutieusement par les compagnies a\u00e9riennes. Le bagage \u00e9tant trop volumineux, les esprits se sont \u00e9chauff\u00e9s entre les deux personnes qui en sont venus au mains devant plusieurs voyageurs.<\/p>\n<p>Selon les vid\u00e9os d\u00e9voil\u00e9es par plusieurs personnes sur place, le voyageur tape violemment la t\u00eate de l&rsquo;agent a\u00e9roportuaire. On voit \u00e9galement une femme taper sur l&rsquo;agent avec son sac.<\/p>\n<p>L&rsquo;agent a re\u00e7u deux jours d\u2019incapacit\u00e9 totale de travail<\/p>\n<p>L&rsquo;homme a finalement \u00e9t\u00e9 interpell\u00e9 juste apr\u00e8s l&rsquo;altercation. \u00ab\u00a0Les coll\u00e8gues de la PAF (Police aux Fronti\u00e8res) sont intervenus le plus vite possible\u00a0\u00bb, indique aupr\u00e8s de Nice Matin Ali Belhadj, d\u00e9l\u00e9gu\u00e9 d\u00e9partemental d\u2019Unit\u00e9 SGP Police 06, qui s&rsquo;inqui\u00e8te du manque d&rsquo;effectifs au niveau de la s\u00e9curit\u00e9.<\/p>\n<p>Selon une information de France 3 C\u00f4te d&rsquo;Azur, l\u2019agent a\u00e9roportuaire agress\u00e9 a re\u00e7u deux jours d\u2019incapacit\u00e9 totale de travail.<\/p>\n<p>Le parquet de Nice a pr\u00e9cis\u00e9 que les deux voyageurs devront compara\u00eetre devant la Justice en d\u00e9cembre, toujours selon une information de France 3 C\u00f4te d&rsquo;Azur. Les deux sont poursuivis pour \u00ab\u00a0violences dans un acc\u00e8s \u00e0 un moyen de transport collectif de voyageurs suivies d\u2019incapacit\u00e9 n\u2019exc\u00e9dant pas 8 jours\u00a0\u00bb.<\/p>\n","protected":false},"excerpt":{"rendered":"Un diff\u00e9rend sur des bagages a d\u00e9g\u00e9n\u00e9r\u00e9 samedi 23 ao\u00fbt 2025 \u00e0 l\u2019a\u00e9roport de Nice, entre un agent&hellip;\n","protected":false},"author":2,"featured_media":352927,"comment_status":"","ping_status":"","sticky":false,"template":"","format":"standard","meta":{"footnotes":""},"categories":[6],"tags":[35,33,34,1011,27],"class_list":{"0":"post-352926","1":"post","2":"type-post","3":"status-publish","4":"format-standard","5":"has-post-thumbnail","7":"category-economie","8":"tag-business","9":"tag-economie","10":"tag-economy","11":"tag-fr","12":"tag-france"},"share_on_mastodon":{"url":"https:\/\/pubeurope.com\/@fr\/115113948849547130","error":""},"_links":{"self":[{"href":"https:\/\/www.europesays.com\/fr\/wp-json\/wp\/v2\/posts\/352926","targetHints":{"allow":["GET"]}}],"collection":[{"href":"https:\/\/www.europesays.com\/fr\/wp-json\/wp\/v2\/posts"}],"about":[{"href":"https:\/\/www.europesays.com\/fr\/wp-json\/wp\/v2\/types\/post"}],"author":[{"embeddable":true,"href":"https:\/\/www.europesays.com\/fr\/wp-json\/wp\/v2\/users\/2"}],"replies":[{"embeddable":true,"href":"https:\/\/www.europesays.com\/fr\/wp-json\/wp\/v2\/comments?post=352926"}],"version-history":[{"count":0,"href":"https:\/\/www.europesays.com\/fr\/wp-json\/wp\/v2\/posts\/352926\/revisions"}],"wp:featuredmedia":[{"embeddable":true,"href":"https:\/\/www.europesays.com\/fr\/wp-json\/wp\/v2\/media\/352927"}],"wp:attachment":[{"href":"https:\/\/www.europesays.com\/fr\/wp-json\/wp\/v2\/media?parent=352926"}],"wp:term":[{"taxonomy":"category","embeddable":true,"href":"https:\/\/www.europesays.com\/fr\/wp-json\/wp\/v2\/categories?post=352926"},{"taxonomy":"post_tag","embeddable":true,"href":"https:\/\/www.europesays.com\/fr\/wp-json\/wp\/v2\/tags?post=352926"}],"curies":[{"name":"wp","href":"https:\/\/api.w.org\/{rel}","templated":true}]}}