{"id":352928,"date":"2025-08-29T20:30:12","date_gmt":"2025-08-29T20:30:12","guid":{"rendered":"https:\/\/www.europesays.com\/fr\/352928\/"},"modified":"2025-08-29T20:30:12","modified_gmt":"2025-08-29T20:30:12","slug":"les-bombardements-et-tirs-israeliens-ont-tue-55-personnes-dans-la-bande-de-gaza-selon-la-defense-civile-vendredi","status":"publish","type":"post","link":"https:\/\/www.europesays.com\/fr\/352928\/","title":{"rendered":"les bombardements et tirs isra\u00e9liens ont tu\u00e9 55 personnes dans la bande de Gaza selon la d\u00e9fense civile, vendredi"},"content":{"rendered":"<p>   Les Etats-Unis refusent l\u2019octroi de visas \u00e0 des responsables palestiniens avant l\u2019Assembl\u00e9e g\u00e9n\u00e9rale de l\u2019ONU             <\/p>\n<p class=\"post__live-container--answer-text post__space-node\">\u00ab\u00a0Le secr\u00e9taire d\u2019Etat, Marco Rubio, r\u00e9voque et refuse l\u2019octroi de visas pour les membres de l\u2019Organisation de lib\u00e9ration de la Palestine et de l\u2019Autorit\u00e9 palestinienne avant la prochaine Assembl\u00e9e g\u00e9n\u00e9rale des Nations unies\u00a0\u00bb, a d\u00e9clar\u00e9 le d\u00e9partement d\u2019Etat dans un communiqu\u00e9.<\/p>\n<p class=\"post__live-container--answer-text post__space-node\">\u00ab\u00a0L\u2019administration Trump a \u00e9t\u00e9 claire\u00a0: il est dans l\u2019int\u00e9r\u00eat de notre s\u00e9curit\u00e9 nationale de tenir l\u2019Organisation de lib\u00e9ration de la Palestine [OLP] et l\u2019Autorit\u00e9 palestinienne pour responsables de ne pas respecter leurs engagements et de compromettre les perspectives de paix\u00a0\u00bb, peut-on lire dans le communiqu\u00e9.<\/p>\n<p class=\"post__live-container--answer-text post__space-node\">\u00ab\u00a0Avant de pouvoir \u00eatre consid\u00e9r\u00e9es comme des partenaires s\u00e9rieux pour la paix, l\u2019Autorit\u00e9 palestinienne et l\u2019OLP doivent renoncer au terrorisme, aux campagnes juridiques devant la Cour p\u00e9nale internationale et la Cour internationale de justice, et \u00e0 la recherche d\u2019une reconnaissance unilat\u00e9rale de leur statut d\u2019Etat\u00a0\u00bb, ajoute le texte.<\/p>\n<p class=\"post__live-container--answer-text post__space-node\">Les Etats-Unis ne sont pas cens\u00e9s refuser des visas aux fonctionnaires se rendant \u00e0 l\u2019Organisation des Nations unies, dont le si\u00e8ge est \u00e0 New York, en vertu d\u2019un accord que le d\u00e9partement d\u2019Etat assure respecter en autorisant la mission palestinienne aupr\u00e8s des Nations unies.<\/p>\n<p class=\"post__live-container--answer-text post__space-node\">Le d\u00e9partement d\u2019Etat n\u2019a pas pr\u00e9cis\u00e9 si la mesure s\u2019appliquait \u00e0 tous les responsables palestiniens. Son porte-parole a d\u00e9clar\u00e9 que les Etats-Unis \u00ab\u00a0restaient ouverts \u00e0 une reprise des contacts si l\u2019Autorit\u00e9 palestinienne et l\u2019Organisation de lib\u00e9ration de la Palestine prenaient des mesures concr\u00e8tes pour revenir \u00e0 une discussion constructive\u00a0\u00bb.<\/p>\n<p class=\"post__live-container--answer-text post__space-node\">Le pr\u00e9sident de l\u2019Autorit\u00e9 palestinienne, Mahmoud Abbas, doit participer \u00e0 la 80e Assembl\u00e9e g\u00e9n\u00e9rale de l\u2019ONU, qui se tiendra du 9 au 23\u00a0septembre, selon Riyad Mansour, ambassadeur palestinien aupr\u00e8s des Nations unies. \u00ab\u00a0Nous verrons ce que cela implique exactement et comment cela s\u2019applique \u00e0 nos d\u00e9l\u00e9gations, puis nous r\u00e9pondrons en cons\u00e9quence\u00a0\u00bb, a dit M.\u00a0Mansour \u00e0 la presse.<\/p>\n<p class=\"post__live-container--answer-text post__space-node\">Fin juillet, Emmanuel Macron a annonc\u00e9 que la France allait reconna\u00eetre l\u2019Etat de Palestine \u00e0 l\u2019Assembl\u00e9e g\u00e9n\u00e9rale de l\u2019ONU. Dans la foul\u00e9e, plus d\u2019une dizaine de pays occidentaux ont appel\u00e9 d\u2019autres pays du monde \u00e0 faire de m\u00eame.<\/p>\n","protected":false},"excerpt":{"rendered":"Les Etats-Unis refusent l\u2019octroi de visas \u00e0 des responsables palestiniens avant l\u2019Assembl\u00e9e g\u00e9n\u00e9rale de l\u2019ONU \u00ab\u00a0Le secr\u00e9taire d\u2019Etat,&hellip;\n","protected":false},"author":2,"featured_media":352929,"comment_status":"","ping_status":"","sticky":false,"template":"","format":"standard","meta":{"footnotes":""},"categories":[5],"tags":[11,1011,27,14,12,28],"class_list":{"0":"post-352928","1":"post","2":"type-post","3":"status-publish","4":"format-standard","5":"has-post-thumbnail","7":"category-international","8":"tag-actualites","9":"tag-fr","10":"tag-france","11":"tag-international","12":"tag-news","13":"tag-world"},"share_on_mastodon":{"url":"https:\/\/pubeurope.com\/@fr\/115113952825174444","error":""},"_links":{"self":[{"href":"https:\/\/www.europesays.com\/fr\/wp-json\/wp\/v2\/posts\/352928","targetHints":{"allow":["GET"]}}],"collection":[{"href":"https:\/\/www.europesays.com\/fr\/wp-json\/wp\/v2\/posts"}],"about":[{"href":"https:\/\/www.europesays.com\/fr\/wp-json\/wp\/v2\/types\/post"}],"author":[{"embeddable":true,"href":"https:\/\/www.europesays.com\/fr\/wp-json\/wp\/v2\/users\/2"}],"replies":[{"embeddable":true,"href":"https:\/\/www.europesays.com\/fr\/wp-json\/wp\/v2\/comments?post=352928"}],"version-history":[{"count":0,"href":"https:\/\/www.europesays.com\/fr\/wp-json\/wp\/v2\/posts\/352928\/revisions"}],"wp:featuredmedia":[{"embeddable":true,"href":"https:\/\/www.europesays.com\/fr\/wp-json\/wp\/v2\/media\/352929"}],"wp:attachment":[{"href":"https:\/\/www.europesays.com\/fr\/wp-json\/wp\/v2\/media?parent=352928"}],"wp:term":[{"taxonomy":"category","embeddable":true,"href":"https:\/\/www.europesays.com\/fr\/wp-json\/wp\/v2\/categories?post=352928"},{"taxonomy":"post_tag","embeddable":true,"href":"https:\/\/www.europesays.com\/fr\/wp-json\/wp\/v2\/tags?post=352928"}],"curies":[{"name":"wp","href":"https:\/\/api.w.org\/{rel}","templated":true}]}}