{"id":352930,"date":"2025-08-29T20:31:12","date_gmt":"2025-08-29T20:31:12","guid":{"rendered":"https:\/\/www.europesays.com\/fr\/352930\/"},"modified":"2025-08-29T20:31:12","modified_gmt":"2025-08-29T20:31:12","slug":"faure-se-voit-a-matignon-et-prend-un-engagement-fort","status":"publish","type":"post","link":"https:\/\/www.europesays.com\/fr\/352930\/","title":{"rendered":"Faure se voit \u00e0 Matignon et prend un engagement fort"},"content":{"rendered":"<p>        <img decoding=\"async\" loading=\"lazy\" src=\"https:\/\/www.europesays.com\/fr\/wp-content\/uploads\/2025\/08\/004ba40_upload-1-wq0pmwxdsqyk-afp-20250821-726e9xg-v1-highres-francepoliticspartiesecologists.jpg\"  width=\"728\" height=\"409\" alt=\"Le patron du PS Olivier Faure a affirm\u00e9 que le parti \u00e9tait volontaire pour succ\u00e9der \u00e0 Fran\u00e7ois Bayrou.\"\/>  <\/p>\n<p>SEBASTIEN BOZON \/ AFP<\/p>\n<p>Le patron du PS Olivier Faure a affirm\u00e9 que le parti \u00e9tait volontaire pour succ\u00e9der \u00e0 Fran\u00e7ois Bayrou.<\/p>\n<p class=\"asset asset-text\">POLITIQUE &#8211; Ultime tentative. Les socialistes ne voteront pas la confiance \u00e0<a href=\"https:\/\/www.huffingtonpost.fr\/politique\/article\/francois-bayrou-s-adressera-aux-francais-comme-personne-avant-lui_254166.html\" target=\"_blank\" rel=\"noopener\"> Fran\u00e7ois Bayrou<\/a> et sont \u00ab\u00a0volontaires pour \u00eatre les suivants\u00a0\u00bb \u00e0 Matignon, a affirm\u00e9 ce vendredi 29\u00a0ao\u00fbt<a href=\"https:\/\/www.huffingtonpost.fr\/politique\/article\/les-5-travaux-d-olivier-faure-a-la-tete-du-parti-socialiste_251259.html\" target=\"_blank\" rel=\"noopener\"> Olivier Faure<\/a>, renvoyant la balle \u00e0 un Emmanuel Macron qui pense encore qu\u2019un compromis sur le budget n\u2019est \u00ab\u00a0pas insurmontable\u00a0\u00bb d\u2019ici au 8\u00a0septembre.<\/p>\n<p class=\"asset asset-text\">C\u2019est toujours non\u00a0: \u00ab\u00a0Nous n\u2019accorderons pas notre confiance \u00e0 ce gouvernement\u00a0\u00bb et \u00e0 son budget \u00ab\u00a0inacceptable\u00a0\u00bb, a r\u00e9p\u00e9t\u00e9 le patron du PS en cl\u00f4ture des universit\u00e9s d\u2019\u00e9t\u00e9 \u00e0 Blois, se posant ouvertement en alternative.<\/p>\n<p class=\"asset asset-text\">\u00ab\u00a0Nous sommes volontaires pour \u00eatre les suivants\u00a0\u00bb, a-t-il lanc\u00e9, mettant sur la table \u00ab\u00a0une autre mani\u00e8re de gouverner\u00a0\u00bb avec \u00ab\u00a0l\u2019engagement de ne pas utiliser le 49-3, ce qui m\u00e9caniquement nous obligera \u00e0 trouver des compromis texte par texte\u00a0\u00bb. Perche tendue au chef de l\u2019\u00c9tat, \u00e0 qui \u00ab\u00a0il appartient d\u00e9sormais de r\u00e9pondre \u00e0 cette proposition\u00a0\u00bb, car \u00ab\u00a0c\u2019est \u00e0 lui seul de nommer un Premier ministre\u00a0\u00bb, a-t-il ajout\u00e9.<\/p>\n<p class=\"asset asset-text\">Un sc\u00e9nario qui \u00e9carte a priori l\u2019hypoth\u00e8se d\u2019une nouvelle dissolution, qu\u2019Emmanuel Macron a un peu plus t\u00f4t qualifi\u00e9 de \u00ab\u00a0politique-fiction\u00a0\u00bb, jugeant au contraire qu\u2019un compromis sur le budget n\u2019est \u00ab\u00a0pas insurmontable\u00a0\u00bb d\u2019ici au 8\u00a0septembre.<\/p>\n<p class=\"asset asset-text\">Exhortant les partis politiques \u00e0 trouver \u00ab\u00a0des chemins d\u2019accord\u00a0\u00bb, il a de nouveau apport\u00e9 son soutien \u00e0 Fran\u00e7ois Bayrou, qui a eu \u00ab\u00a0raison de mettre en responsabilit\u00e9s les forces politiques face \u00e0 l\u2019endettement du pays\u00a0\u00bb. \u00c0 ceux qui anticipent la chute du Premier ministre et r\u00e9clament d\u00e9j\u00e0 son d\u00e9part, le locataire de l\u2019\u00c9lys\u00e9e a fermement exclu de d\u00e9missionner\u00a0: \u00ab\u00a0Le mandat qui m\u2019a \u00e9t\u00e9 confi\u00e9 par les Fran\u00e7ais (&#8230;) sera exerc\u00e9 jusqu\u2019\u00e0 son terme\u00a0\u00bb, a-t-il pr\u00e9venu.<\/p>\n<p>    \u00ab\u00a0Un autre chemin\u00a0\u00bb    <\/p>\n<p class=\"asset asset-text\">L\u2019ancien Premier ministre Bernard Cazeneuve a lanc\u00e9 quant \u00e0 lui vendredi un appel \u00e0 un \u00ab\u00a0compromis\u00a0\u00bb budg\u00e9taire, qui irait du PS, son ancien parti, \u00e0 la droite, en passant par le bloc central, afin d\u2019\u00e9viter que la crise politique actuelle \u00ab\u00a0ne se transforme en crise de r\u00e9gime\u00a0\u00bb. \u00ab\u00a0La responsabilit\u00e9 des partis de gouvernement, ce n\u2019est pas de se comporter comme des partis de non-assistance \u00e0 Nation en danger\u00a0\u00bb, a pr\u00e9venu l\u2019ex-PS Bernard Cazeneuve lors d\u2019un d\u00e9bat avec l\u2019ancien chef du gouvernement Edouard Philippe \u00e0 Autun (Sa\u00f4ne-et-Loire) \u00e0 l\u2019occasion des universit\u00e9s d\u2019\u00e9t\u00e9 organis\u00e9es par l\u2019ex-ministre de l\u2019\u00c9ducation Jean-Michel Blanquer.<\/p>\n<p class=\"asset asset-text\">Pendant ce temps, Fran\u00e7ois Bayrou multiplie les sorties pour tenter de sauver la sienne. Inaugurant la Foire de Ch\u00e2lons-en-Champagne vendredi matin, il a livr\u00e9 un nouveau plaidoyer, au nom d\u2019une jeunesse r\u00e9duite en \u00ab\u00a0esclavage\u00a0\u00bb par la dette, pour justifier sa d\u00e9cision de demander la confiance de l\u2019Assembl\u00e9e sur l\u2019\u00e9tat des finances publiques et l\u2019ampleur de l\u2019effort \u00e0 accomplir en 2026.<\/p>\n<p class=\"asset asset-text\">Le Premier ministre donnera encore dimanche \u00e0 18\u00a0heures une interview aux quatre cha\u00eenes d\u2019information en continu. Avec le mince espoir d\u2019enrayer sa chute probable. Car, outre le PS, les autres partis de gauche et le Rassemblement national ont d\u00e9j\u00e0 annonc\u00e9 qu\u2019ils voteraient contre la confiance.<\/p>\n<p class=\"asset asset-text\">C\u2019est d\u2019ailleurs \u00ab\u00a0pour lui redire\u00a0\u00bb qu\u2019ils proposent \u00ab\u00a0un autre chemin et une autre m\u00e9thode\u00a0\u00bb que les socialistes iront la semaine prochaine \u00e0 Matignon, o\u00f9 Fran\u00e7ois Bayrou a invit\u00e9 tous les chefs de partis.<\/p>\n<p class=\"asset asset-text\">Mais La France insoumise et les \u00c9cologistes ont refus\u00e9 de se rendre \u00e0 ces consultations de la derni\u00e8re chance. Contrairement \u00e0 Jordan Bardella et Marine Le\u00a0Pen, qui seront re\u00e7us mardi matin. Autant d\u2019opposants \u00e0 qui Fran\u00e7ois Bayrou a encore reproch\u00e9 vendredi de vouloir \u00ab\u00a0la chute du gouvernement, et apr\u00e8s (&#8230;) le d\u00e9sordre et le chaos\u00a0\u00bb. D\u2019autant que la rentr\u00e9e sociale s\u2019annonce agit\u00e9e, avec le 10\u00a0septembre le mouvement \u00ab\u00a0Bloquons tout\u00a0\u00bb n\u00e9 sur les r\u00e9seaux sociaux, puis la journ\u00e9e de mobilisation du 18 \u00e0 l\u2019appel des syndicats contre \u00ab\u00a0le mus\u00e9e des horreurs du projet de budget\u00a0\u00bb.<\/p>\n<p>                     \u00ab\u00a0Gouvernement de gauche\u00a0\u00bb    <\/p>\n<p class=\"asset asset-text\">En r\u00e9ponse au discours alarmiste du Premier ministre, le PS doit d\u00e9voiler samedi 30\u00a0ao\u00fbt ses propres pistes budg\u00e9taires, avec un effort budg\u00e9taire bien inf\u00e9rieur aux 44\u00a0milliards d\u2019euros port\u00e9s par Fran\u00e7ois Bayrou, et reposant d\u2019abord sur les plus riches et les grandes entreprises.<\/p>\n<p class=\"asset asset-text\">Le parti \u00e0 la rose esp\u00e8re bien \u00ab\u00a0embarquer\u00a0\u00bb avec lui ses partenaires\u00a0: \u00c9cologistes, communistes, ex-Insoumis, G\u00e9n\u00e9rations, tous repr\u00e9sent\u00e9s \u00e0 Blois. A priori les Verts en seront, puisque leur cheffe Marine Tondelier r\u00e9p\u00e8te \u00e0 l\u2019envi qu\u2019Emmanuel Macron \u00ab\u00a0n\u2019a pas d\u2019autre choix que de nous nommer\u00a0\u00bb. En revanche, le patron de Place publique Rapha\u00ebl Glucksmann semble vouloir jouer sa partition seul, avec pour objectif la pr\u00e9sidentielle de 2027. Quant aux Insoumis, avec qui les relations sont ex\u00e9crables, les plus optimistes les voient en \u00ab\u00a0soutien sans participation\u00a0\u00bb. Ce qui est loin d\u2019\u00eatre acquis. Le d\u00e9put\u00e9 LFI \u00c9ric Coquerel a ainsi exclu vendredi de \u00ab\u00a0faire un ch\u00e8que en blanc \u00e0 des gens dont on ne sait pas quelle politique ils vont adopter\u00a0\u00bb. Son leader Jean-Luc M\u00e9lenchon donnera le ton lors d\u2019une conf\u00e9rence \u00e0 Paris \u00e0 19\u00a0heures.<\/p>\n","protected":false},"excerpt":{"rendered":"SEBASTIEN BOZON \/ AFP Le patron du PS Olivier Faure a affirm\u00e9 que le parti \u00e9tait volontaire pour&hellip;\n","protected":false},"author":2,"featured_media":336125,"comment_status":"","ping_status":"","sticky":false,"template":"","format":"standard","meta":{"footnotes":""},"categories":[4],"tags":[11,1011,27,431,12,4393,4484,316,25],"class_list":{"0":"post-352930","1":"post","2":"type-post","3":"status-publish","4":"format-standard","5":"has-post-thumbnail","7":"category-france","8":"tag-actualites","9":"tag-fr","10":"tag-france","11":"tag-francois-bayrou","12":"tag-news","13":"tag-olivier-faure","14":"tag-parti-socialiste-ps","15":"tag-politique","16":"tag-republique-francaise"},"share_on_mastodon":{"url":"https:\/\/pubeurope.com\/@fr\/115113956822308203","error":""},"_links":{"self":[{"href":"https:\/\/www.europesays.com\/fr\/wp-json\/wp\/v2\/posts\/352930","targetHints":{"allow":["GET"]}}],"collection":[{"href":"https:\/\/www.europesays.com\/fr\/wp-json\/wp\/v2\/posts"}],"about":[{"href":"https:\/\/www.europesays.com\/fr\/wp-json\/wp\/v2\/types\/post"}],"author":[{"embeddable":true,"href":"https:\/\/www.europesays.com\/fr\/wp-json\/wp\/v2\/users\/2"}],"replies":[{"embeddable":true,"href":"https:\/\/www.europesays.com\/fr\/wp-json\/wp\/v2\/comments?post=352930"}],"version-history":[{"count":0,"href":"https:\/\/www.europesays.com\/fr\/wp-json\/wp\/v2\/posts\/352930\/revisions"}],"wp:featuredmedia":[{"embeddable":true,"href":"https:\/\/www.europesays.com\/fr\/wp-json\/wp\/v2\/media\/336125"}],"wp:attachment":[{"href":"https:\/\/www.europesays.com\/fr\/wp-json\/wp\/v2\/media?parent=352930"}],"wp:term":[{"taxonomy":"category","embeddable":true,"href":"https:\/\/www.europesays.com\/fr\/wp-json\/wp\/v2\/categories?post=352930"},{"taxonomy":"post_tag","embeddable":true,"href":"https:\/\/www.europesays.com\/fr\/wp-json\/wp\/v2\/tags?post=352930"}],"curies":[{"name":"wp","href":"https:\/\/api.w.org\/{rel}","templated":true}]}}