{"id":352933,"date":"2025-08-29T20:33:26","date_gmt":"2025-08-29T20:33:26","guid":{"rendered":"https:\/\/www.europesays.com\/fr\/352933\/"},"modified":"2025-08-29T20:33:26","modified_gmt":"2025-08-29T20:33:26","slug":"municipales-a-saint-etienne-a-droite-et-au-centre-cinq-tetes-de-liste-potentielles-sondees-dici-le-8-septembre","status":"publish","type":"post","link":"https:\/\/www.europesays.com\/fr\/352933\/","title":{"rendered":"Municipales \u00e0 Saint-Etienne\u00a0: \u00e0 droite et au centre, cinq t\u00eates de liste potentielles sond\u00e9es d\u2019ici le 8 septembre"},"content":{"rendered":"<p class=\"is-style-chapo\">Comme annonc\u00e9 d\u2019embl\u00e9e, lors de l\u2019officialisation de sa constitution, l\u2019alliance des partis de la droite et du centre en vue des Municipales 2026 \u00e0 Saint-Etienne, va d\u00e9terminer sa t\u00eate de liste via un sondage. \u00ab\u00a0Saint-Etienne Ensemble 2026\u00a0\u00bb l\u2019a confi\u00e9 \u00e0 l\u2019Ifop qui devrait l\u2019effectuer par t\u00e9l\u00e9phone avant le 8 septembre. Il doit d\u00e9partager cinq personnalit\u00e9s, repr\u00e9sentant cinq des sept formations.<\/p>\n<p><img loading=\"lazy\" decoding=\"async\" width=\"1024\" height=\"576\" src=\"https:\/\/www.europesays.com\/fr\/wp-content\/uploads\/2025\/04\/20230530_122043h-1024x576.jpg\" alt=\"La mairie de Saint-Etienne. \u00a9If Saint-Etienne \/ Xavier Alix\" class=\"wp-image-76583\"  \/>\u00a9If Saint-Etienne \/ Xavier Alix<\/p>\n<p>Il en aurait \u00e9t\u00e9, \u00e0 tous les coups. Mais <a href=\"https:\/\/www.if-saint-etienne.fr\/breves\/municipales-2026-a-saint-etienne-lalliance-de-droite-et-du-centre-evince-eric-le-jaouen-de-son-horizon\" target=\"_blank\" rel=\"noreferrer noopener\">l\u2019\u00e9viction<\/a> d\u2019Eric Le Jaou\u00ebn, repr\u00e9sentant initialement Horizons au sein de l\u2019alliance de sept partis de la droite et du centre officiellement <a href=\"https:\/\/www.if-saint-etienne.fr\/politique-societe\/municipales-2026-a-saint-etienne-a-droite-et-au-centre-sept-dun-coup\" target=\"_blank\" rel=\"noreferrer noopener\">lanc\u00e9e<\/a> en mai dernier en vue des <a href=\"https:\/\/www.vie-publique.fr\/questions-reponses\/270079-10-questions-sur-les-municipales-2026\" target=\"_blank\" rel=\"noreferrer noopener\">Municipales<\/a> 2026 \u00e0 Saint-Etienne a enlev\u00e9 un des choix \u00e0 faire pour accoucher d\u2019une t\u00eate de liste commune. Le comportement de l\u2019ex-pr\u00e9sident du Medef Loire a \u00e9t\u00e9 jug\u00e9 trop \u00ab\u00a0perso\u00a0\u00bb par ses ex alli\u00e9s et donc en violation de la charte sign\u00e9e par chaque formation constituant \u00ab\u00a0Saint-Etienne Ensemble 2026\u00a0\u00bb. Lui argue d\u2019un regroupement trop superficiel, bas\u00e9 sur le seul rejet de Ga\u00ebl Perdriau et dont la d\u00e9termination du meneur est jou\u00e9e d\u2019avance\u2026 \u00a0<\/p>\n<p>Mais au niveau national, Horizons, du moins selon le collectif \u00ab\u00a0Saint-Etienne Ensemble 2026\u00a0\u00bb, aurait confirm\u00e9 son soutien \u00e0 ce dernier apr\u00e8s le d\u00e9part d\u2019Eric Le Jaou\u00ebn sans pour autant d\u00e9p\u00eacher un nouvelle personnalit\u00e9, la repr\u00e9sentation d\u00e9partementale du parti se disant, elle, solidaire de celui qui reste son candidat\u2026 Question fatalement \u00e9pineuse ici comme ailleurs, d\u2019autant plus lorsqu\u2019il s\u2019agit de former une alliance, la d\u00e9termination de la t\u00eate de liste ne fissura pas cette derni\u00e8re pour cause d\u2019egos malmen\u00e9s, assure Saint-Etienne Ensemble 2026. La charte sign\u00e9e il y un peu plus de 3 mois engage moralement \u00e0 accepter le r\u00e9sultat et poursuivre l\u2019\u0153uvre d\u2019union jusqu\u2019au bout. Le sondage aupr\u00e8s des St\u00e9phanois annonc\u00e9 fin mai \u2013 plut\u00f4t qu\u2019une sorte de primaire interpartis extr\u00eamement complexe \u00e0 r\u00e9aliser \u2013, devrait avoir lieu d\u2019ici le 8 septembre afin d\u2019\u00e9viter tout t\u00e9lescopage avec une prochaine actualit\u00e9 politique nationale ardente. Probablement \u00e0 partir du 4, nous pr\u00e9cisait hier Lionel Boucher, repr\u00e9sentant l\u2019UDI.<\/p>\n<p>4\u00a0000 \u00e0 5 000 \u00e9changes t\u00e9l\u00e9phoniques<\/p>\n<p>L\u2019ex adjoint de Ga\u00ebl Perdriau, <a href=\"https:\/\/www.if-saint-etienne.fr\/politique\/lionel-boucher-gael-perdriau-a-donne-le-coup-denvoi-des-municipales-2026\" target=\"_blank\" rel=\"noopener\">excl<\/a><a href=\"https:\/\/www.if-saint-etienne.fr\/politique\/lionel-boucher-gael-perdriau-a-donne-le-coup-denvoi-des-municipales-2026\" target=\"_blank\" rel=\"noreferrer noopener\">u<\/a> de la majorit\u00e9 municipale en juin 2023, longtemps bras droit de Gilles Artigues, est des cinq noms qui seront donn\u00e9s au choix pour incarner cette t\u00eate de liste. Comme le sugg\u00e9rait une r\u00e9cente vid\u00e9o de pr\u00e9sentation personnelle sur la page Facebook de Saint-Etienne Ensemble 2026 semblant en annoncer d\u2019autres (\u00ab pr\u00e9sentation de\u00a0nos candidats\u00a0\u00bb). Renseignement pris, Lionel Boucher nous indique que chaque personnalit\u00e9 souhaitant y aller aura en effet bien droit \u00e0 sa vid\u00e9o, comme celle d\u00e9j\u00e0 publi\u00e9e devant Geoffroy-Guichard par Dino Cinieri, repr\u00e9sentant des LR.\u00a0L\u2019ancien d\u00e9put\u00e9 Quentin Bataillon le sera, lui, pour Renaissance tout comme Zahra Bencharif pour le Parti Radical de Gauche ainsi qu\u2019Alain Berth\u00e9as pour le Parti Radical tout court. M\u00eame si on peut d\u00e9j\u00e0 consid\u00e9rer que cela va probablement se jouer entre les trois premiers cit\u00e9s\u00a0: l\u2019id\u00e9e est de montrer que chacun a et aura sa place dans cette union. De quoi, peut-\u00eatre aussi, faire r\u00e9f\u00e9rence quant au poids de cette m\u00eame place s\u2019il y a suite\u2026<\/p>\n<p><img loading=\"lazy\" decoding=\"async\" width=\"1024\" height=\"682\" src=\"https:\/\/www.europesays.com\/fr\/wp-content\/uploads\/2025\/08\/opinion-poll-1594962_1280-1024x682.jpg\" alt=\"\" class=\"wp-image-80328\"  \/>Image by Andreas Breitling from Pixabay<\/p>\n<p>A ce propos, le Modem \u2013 autre parti de cette alliance \u2013 se trouve, lui, dans l\u2019impossibilit\u00e9 de pr\u00e9senter une personnalit\u00e9. Et pour cause\u00a0: son cachet national apport\u00e9 \u00e0 l\u2019union est assur\u00e9 par Emmanuel Mandon, d\u00e9put\u00e9 du Gier. Alors que sa pr\u00e9sidente Loire, St\u00e9phanoise, elle, Siham Labich, adjointe de Ga\u00ebl Perdriau, reste de la trentaine de ses fid\u00e8les\u2026 Pour ce qui est des cinq t\u00eates de listes potentielles donc, elles seront d\u00e9termin\u00e9es par un sondage donc confi\u00e9 \u00e0 l\u2019Ifop \u00e0 \u00ab\u00a0la d\u00e9marche scientifique\u00a0\u00bb. De 4\u00a0000 \u00e0 5 000 \u00e9changes t\u00e9l\u00e9phoniques avec des St\u00e9phanois inscrits sur les listes \u00e9lectorales \u2013 et non les adh\u00e9rents sinon sympathisants des partis \u2013 et ayant l\u2019intention d\u2019aller voter aux municipales doivent \u00eatre effectu\u00e9s \u00e0 partir de jeudi prochain. 600 \u00e0 800 r\u00e9ponses jug\u00e9s \u00ab\u00a0valides\u00a0\u00bb par l\u2019Ifop seront tir\u00e9es\u00a0: \u00ab\u00a0Il s\u2019agit d\u2019\u00eatre le plus repr\u00e9sentatif bien s\u00fbr de la composition sociale \u2013 \u00e2ge, CSP, quartiers, sexe \u2013 de Saint-Etienne, nous pr\u00e9cise Lionel Boucher. Ce sont des pros, on doit leur faire confiance pour cela. \u00c9videmment, des \u00e9lecteurs qui nous seraient hostiles peuvent potentiellement r\u00e9pondre n\u2019importe quoi. Mais l\u2019Ifop est rod\u00e9.\u00a0\u00bb<\/p>\n<p>C\u2019est d\u2019ailleurs apparemment pour cette raison et tendre \u00e0 s\u00e9lectionner des r\u00e9ponses les plus coh\u00e9rentes possibles, que la question principale \u2013 qui pour mener cette alliance\u00a0? \u2013 \u00a0arrive en dernier, apr\u00e8s trois autres\u00a0interrogeant la notori\u00e9t\u00e9, la popularit\u00e9, la capacit\u00e9 \u00e0 faire un bon maire des cinq personnalit\u00e9s. Avant, donc, la quatri\u00e8me\u00a0: \u00ab\u00a0Qui pour vous, en vue des Municipales, des noms cit\u00e9s est le mieux plac\u00e9 pour conduire cette liste d\u2019union de la Droite \u00e0 la Gauche mod\u00e9r\u00e9e\u00a0?\u00a0\u00bb Le r\u00e9sultat du sondage devrait \u00eatre proclam\u00e9 environ deux semaines apr\u00e8s qu\u2019il ait \u00e9t\u00e9 achev\u00e9. Soit potentiellement en plein proc\u00e8s de l\u2019affaire de chantage \u00e0 la vid\u00e9o intime qui doit se tenir du 22 au 26 septembre \u00e0 Lyon\u2026<\/p>\n","protected":false},"excerpt":{"rendered":"Comme annonc\u00e9 d\u2019embl\u00e9e, lors de l\u2019officialisation de sa constitution, l\u2019alliance des partis de la droite et du centre&hellip;\n","protected":false},"author":2,"featured_media":61463,"comment_status":"","ping_status":"","sticky":false,"template":"","format":"standard","meta":{"footnotes":""},"categories":[9653],"tags":[1111,11,2430,3335,6592,15916,2761,15917,1777,674,1011,27,12,316,31910,25,4001,25381,13947,45393],"class_list":{"0":"post-352933","1":"post","2":"type-post","3":"status-publish","4":"format-standard","5":"has-post-thumbnail","7":"category-saint-etienne","8":"tag-actu","9":"tag-actualites","10":"tag-auvergne-rhone-alpes","11":"tag-centre","12":"tag-droite","13":"tag-electif","14":"tag-elections-municipales-2026","15":"tag-elections-municipales-saint-etienne","16":"tag-eu","17":"tag-europe","18":"tag-fr","19":"tag-france","20":"tag-news","21":"tag-politique","22":"tag-politique-saint-etienne","23":"tag-republique-francaise","24":"tag-saint-etienne","25":"tag-saint-etienne-ensemble-2026","26":"tag-sondage","27":"tag-tete-de-liste"},"share_on_mastodon":{"url":"https:\/\/pubeurope.com\/@fr\/115113964614755191","error":""},"_links":{"self":[{"href":"https:\/\/www.europesays.com\/fr\/wp-json\/wp\/v2\/posts\/352933","targetHints":{"allow":["GET"]}}],"collection":[{"href":"https:\/\/www.europesays.com\/fr\/wp-json\/wp\/v2\/posts"}],"about":[{"href":"https:\/\/www.europesays.com\/fr\/wp-json\/wp\/v2\/types\/post"}],"author":[{"embeddable":true,"href":"https:\/\/www.europesays.com\/fr\/wp-json\/wp\/v2\/users\/2"}],"replies":[{"embeddable":true,"href":"https:\/\/www.europesays.com\/fr\/wp-json\/wp\/v2\/comments?post=352933"}],"version-history":[{"count":0,"href":"https:\/\/www.europesays.com\/fr\/wp-json\/wp\/v2\/posts\/352933\/revisions"}],"wp:featuredmedia":[{"embeddable":true,"href":"https:\/\/www.europesays.com\/fr\/wp-json\/wp\/v2\/media\/61463"}],"wp:attachment":[{"href":"https:\/\/www.europesays.com\/fr\/wp-json\/wp\/v2\/media?parent=352933"}],"wp:term":[{"taxonomy":"category","embeddable":true,"href":"https:\/\/www.europesays.com\/fr\/wp-json\/wp\/v2\/categories?post=352933"},{"taxonomy":"post_tag","embeddable":true,"href":"https:\/\/www.europesays.com\/fr\/wp-json\/wp\/v2\/tags?post=352933"}],"curies":[{"name":"wp","href":"https:\/\/api.w.org\/{rel}","templated":true}]}}