{"id":352934,"date":"2025-08-29T20:34:11","date_gmt":"2025-08-29T20:34:11","guid":{"rendered":"https:\/\/www.europesays.com\/fr\/352934\/"},"modified":"2025-08-29T20:34:11","modified_gmt":"2025-08-29T20:34:11","slug":"de-nouveaux-maraichers-biologiques-sinstallent-dans-le-vieux-bourg","status":"publish","type":"post","link":"https:\/\/www.europesays.com\/fr\/352934\/","title":{"rendered":"de nouveaux mara\u00eechers biologiques s\u2019installent dans le vieux-bourg"},"content":{"rendered":"<p>Install\u00e9s dans la commune depuis 2008, \u00c9milie et Brice Deloraine, exer\u00e7ant\u00a0chacun une activit\u00e9 salari\u00e9e, ont d\u00e9cid\u00e9, en 2021, de changer de vie en cr\u00e9ant, apr\u00e8s une formation de deux ans, une activit\u00e9 de mara\u00eechage sous le nom d\u2019Au Pied de l\u2019arbre&#8230;. <\/p>\n<p>    Cet article a \u00e9t\u00e9 tronqu\u00e9. Abonnez-vous pour lire l&rsquo;article complet sur notre site.<\/p>\n<p style=\"margin: 0 !important; padding: 0 !important; font-size: 12px !important;\">Cet article a \u00e9t\u00e9 tronqu\u00e9. Abonnez-vous pour lire l&rsquo;article complet.<\/p>\n<p>    <a href=\"https:\/\/www.lanouvellerepublique.fr\/abonnements\" style=\"display: inline-block; margin-top: 5px !important; padding: 6px 12px !important; background: #cb1c27; color: white; text-decoration: none; border-radius: 4px; font-size: 12px !important;\" rel=\"nofollow noopener\" target=\"_blank\"><br \/>\n      S&rsquo;abonner<br \/>\n    <\/a><\/p>\n","protected":false},"excerpt":{"rendered":"Install\u00e9s dans la commune depuis 2008, \u00c9milie et Brice Deloraine, exer\u00e7ant\u00a0chacun une activit\u00e9 salari\u00e9e, ont d\u00e9cid\u00e9, en 2021,&hellip;\n","protected":false},"author":2,"featured_media":352935,"comment_status":"","ping_status":"","sticky":false,"template":"","format":"standard","meta":{"footnotes":""},"categories":[9653],"tags":[1111,11,258,2430,9897,1674,1777,674,1011,27,48950,12,25,4001,13222],"class_list":{"0":"post-352934","1":"post","2":"type-post","3":"status-publish","4":"format-standard","5":"has-post-thumbnail","7":"category-saint-etienne","8":"tag-actu","9":"tag-actualites","10":"tag-alimentation","11":"tag-auvergne-rhone-alpes","12":"tag-bio","13":"tag-communes","14":"tag-eu","15":"tag-europe","16":"tag-fr","17":"tag-france","18":"tag-marches-bio","19":"tag-news","20":"tag-republique-francaise","21":"tag-saint-etienne","22":"tag-saint-etienne-de-chigny"},"share_on_mastodon":{"url":"https:\/\/pubeurope.com\/@fr\/115113968573871090","error":""},"_links":{"self":[{"href":"https:\/\/www.europesays.com\/fr\/wp-json\/wp\/v2\/posts\/352934","targetHints":{"allow":["GET"]}}],"collection":[{"href":"https:\/\/www.europesays.com\/fr\/wp-json\/wp\/v2\/posts"}],"about":[{"href":"https:\/\/www.europesays.com\/fr\/wp-json\/wp\/v2\/types\/post"}],"author":[{"embeddable":true,"href":"https:\/\/www.europesays.com\/fr\/wp-json\/wp\/v2\/users\/2"}],"replies":[{"embeddable":true,"href":"https:\/\/www.europesays.com\/fr\/wp-json\/wp\/v2\/comments?post=352934"}],"version-history":[{"count":0,"href":"https:\/\/www.europesays.com\/fr\/wp-json\/wp\/v2\/posts\/352934\/revisions"}],"wp:featuredmedia":[{"embeddable":true,"href":"https:\/\/www.europesays.com\/fr\/wp-json\/wp\/v2\/media\/352935"}],"wp:attachment":[{"href":"https:\/\/www.europesays.com\/fr\/wp-json\/wp\/v2\/media?parent=352934"}],"wp:term":[{"taxonomy":"category","embeddable":true,"href":"https:\/\/www.europesays.com\/fr\/wp-json\/wp\/v2\/categories?post=352934"},{"taxonomy":"post_tag","embeddable":true,"href":"https:\/\/www.europesays.com\/fr\/wp-json\/wp\/v2\/tags?post=352934"}],"curies":[{"name":"wp","href":"https:\/\/api.w.org\/{rel}","templated":true}]}}