{"id":352936,"date":"2025-08-29T20:35:22","date_gmt":"2025-08-29T20:35:22","guid":{"rendered":"https:\/\/www.europesays.com\/fr\/352936\/"},"modified":"2025-08-29T20:35:22","modified_gmt":"2025-08-29T20:35:22","slug":"nancy-naissance-bienvenue-a-julien","status":"publish","type":"post","link":"https:\/\/www.europesays.com\/fr\/352936\/","title":{"rendered":"Nancy | Naissance. Bienvenue \u00e0 Julien"},"content":{"rendered":"<p>Install\u00e9e depuis 125 ans rue de Vayringe \u00e0 Nancy, l\u2019entreprise familiale Masson-Haraux, mara\u00eechers et horticulteurs, vient d\u2019ouvrir une nouvelle page de son histoire avec la naissance de Julien, fils de Romain Haraux et d\u2019Ad\u00e9lie Risser sa compagne. Le petit bonhomme est n\u00e9 \u00e0 la maternit\u00e9 de Nancy le 10\u00a0juillet. Il pesait 2,360\u00a0kg et mesurait 44,5\u00a0cm.<\/p>\n<p>Il comble de joie l\u2019ensemble de la famille, et tout particuli\u00e8rement sa s\u0153ur Oc\u00e9ane.<\/p>\n<p>Nos f\u00e9licitations.<\/p>\n","protected":false},"excerpt":{"rendered":"Install\u00e9e depuis 125 ans rue de Vayringe \u00e0 Nancy, l\u2019entreprise familiale Masson-Haraux, mara\u00eechers et horticulteurs, vient d\u2019ouvrir une&hellip;\n","protected":false},"author":2,"featured_media":352937,"comment_status":"","ping_status":"","sticky":false,"template":"","format":"standard","meta":{"footnotes":""},"categories":[9635],"tags":[1111,11,9223,1704,1777,674,1011,27,775,198,1702,1703,12,25,104],"class_list":{"0":"post-352936","1":"post","2":"type-post","3":"status-publish","4":"format-standard","5":"has-post-thumbnail","7":"category-nancy","8":"tag-actu","9":"tag-actualites","10":"tag-carnet-du-jour","11":"tag-edition-nancy-et-agglomeration","12":"tag-eu","13":"tag-europe","14":"tag-fr","15":"tag-france","16":"tag-grand-est","17":"tag-naissance","18":"tag-nancy","19":"tag-nancy-ville-54b","20":"tag-news","21":"tag-republique-francaise","22":"tag-societe"},"share_on_mastodon":{"url":"https:\/\/pubeurope.com\/@fr\/115113972391886905","error":""},"_links":{"self":[{"href":"https:\/\/www.europesays.com\/fr\/wp-json\/wp\/v2\/posts\/352936","targetHints":{"allow":["GET"]}}],"collection":[{"href":"https:\/\/www.europesays.com\/fr\/wp-json\/wp\/v2\/posts"}],"about":[{"href":"https:\/\/www.europesays.com\/fr\/wp-json\/wp\/v2\/types\/post"}],"author":[{"embeddable":true,"href":"https:\/\/www.europesays.com\/fr\/wp-json\/wp\/v2\/users\/2"}],"replies":[{"embeddable":true,"href":"https:\/\/www.europesays.com\/fr\/wp-json\/wp\/v2\/comments?post=352936"}],"version-history":[{"count":0,"href":"https:\/\/www.europesays.com\/fr\/wp-json\/wp\/v2\/posts\/352936\/revisions"}],"wp:featuredmedia":[{"embeddable":true,"href":"https:\/\/www.europesays.com\/fr\/wp-json\/wp\/v2\/media\/352937"}],"wp:attachment":[{"href":"https:\/\/www.europesays.com\/fr\/wp-json\/wp\/v2\/media?parent=352936"}],"wp:term":[{"taxonomy":"category","embeddable":true,"href":"https:\/\/www.europesays.com\/fr\/wp-json\/wp\/v2\/categories?post=352936"},{"taxonomy":"post_tag","embeddable":true,"href":"https:\/\/www.europesays.com\/fr\/wp-json\/wp\/v2\/tags?post=352936"}],"curies":[{"name":"wp","href":"https:\/\/api.w.org\/{rel}","templated":true}]}}