{"id":352940,"date":"2025-08-29T20:37:09","date_gmt":"2025-08-29T20:37:09","guid":{"rendered":"https:\/\/www.europesays.com\/fr\/352940\/"},"modified":"2025-08-29T20:37:09","modified_gmt":"2025-08-29T20:37:09","slug":"il-se-masturbe-en-ecoutant-des-comptines-pour-enfants-dans-leglise-de-sanary","status":"publish","type":"post","link":"https:\/\/www.europesays.com\/fr\/352940\/","title":{"rendered":"Il se masturbe en \u00e9coutant des comptines pour enfants\u2026 dans l\u2019\u00e9glise de Sanary"},"content":{"rendered":"<p>Ce Sanaryen septuag\u00e9naire aux sales manies s\u2019\u00e9tait pourtant d\u00e9j\u00e0 fait attraper plusieurs fois pour des faits similaires, ces derniers mois: d\u2019abord, pour une visite chez une masseuse \u00e0 domicile, \u00e0 Six-Fours, o\u00f9 il s\u2019\u00e9tait masturb\u00e9 sous sa serviette; quelques semaines apr\u00e8s, c\u2019est dans les rayons du Super U de Bandol qu\u2019il s\u2019\u00e9tait fait remarquer, en suivant plusieurs clientes et en leur imposant le m\u00eame spectacle, le sexe apparent cette fois; plus tard encore, en juin dernier, il avait s\u00e9vi sur une plage sanaryenne\u2026<\/p>\n<p>Obligation de soins, mais&#8230;<\/p>\n<p>\u00c0 chaque fois, les t\u00e9moignages concordants et\/ou des cam\u00e9ras ont permis aux policiers de Sanary de le confondre et de l\u2019interpeller \u00e0 son domicile. La justice avait notamment condamn\u00e9 \u00e0 une obligation de soins celui qui avait expliqu\u00e9 aux enqu\u00eateurs, \u00e0 l\u2019\u00e9poque, perdre un peu la t\u00eate depuis la disparition de sa femme&#8230;<\/p>\n<p>Et, ce jeudi apr\u00e8s-midi, l\u2019exhibitionniste a remis \u00e7a. Dans l\u2019\u00e9glise de Sanary. Un fid\u00e8le a alors donn\u00e9 l\u2019alerte, mais l\u2019homme avait d\u00e9j\u00e0 fil\u00e9 \u00e0 l\u2019arriv\u00e9e des policiers. Les images de vid\u00e9o-surveillance du centre-ville n\u2019ont laiss\u00e9 aucun doute sur l\u2019identit\u00e9 du suspect. Une \u00e9quipe s\u2019est alors rendue \u00e0 l\u2019adresse d\u00e9sormais bien connue de l\u2019individu, l\u2019a surpris nu, toujours en train de se masturber et, fait plus troublant encore, en \u00e9coutant des comptines pour enfants.<\/p>\n<p>Mais il s\u2019est comme toujours laiss\u00e9 interpeller sans difficult\u00e9, reconnaissant m\u00eame les faits. Une pr\u00e9c\u00e9dente enqu\u00eate avait conduit \u00e0 une perquisition pour \u00e9plucher son mat\u00e9riel informatique, sans qu\u2019aucun contenu \u00e0 caract\u00e8re p\u00e9dopornographique ne soit trouv\u00e9.<\/p>\n<p>Plac\u00e9 de nouveau en garde \u00e0 vue, il devait \u00eatre jug\u00e9 en comparution imm\u00e9diate le lendemain de son arrestation.<\/p>\n","protected":false},"excerpt":{"rendered":"Ce Sanaryen septuag\u00e9naire aux sales manies s\u2019\u00e9tait pourtant d\u00e9j\u00e0 fait attraper plusieurs fois pour des faits similaires, ces&hellip;\n","protected":false},"author":2,"featured_media":352941,"comment_status":"","ping_status":"","sticky":false,"template":"","format":"standard","meta":{"footnotes":""},"categories":[9619],"tags":[1111,11,1777,674,118,1011,27,12,882,25,2310,3366],"class_list":{"0":"post-352940","1":"post","2":"type-post","3":"status-publish","4":"format-standard","5":"has-post-thumbnail","7":"category-toulon","8":"tag-actu","9":"tag-actualites","10":"tag-eu","11":"tag-europe","12":"tag-faits-divers","13":"tag-fr","14":"tag-france","15":"tag-news","16":"tag-provence-alpes-cote-dazur","17":"tag-republique-francaise","18":"tag-toulon","19":"tag-vie-locale"},"share_on_mastodon":{"url":"https:\/\/pubeurope.com\/@fr\/115113980290199605","error":""},"_links":{"self":[{"href":"https:\/\/www.europesays.com\/fr\/wp-json\/wp\/v2\/posts\/352940","targetHints":{"allow":["GET"]}}],"collection":[{"href":"https:\/\/www.europesays.com\/fr\/wp-json\/wp\/v2\/posts"}],"about":[{"href":"https:\/\/www.europesays.com\/fr\/wp-json\/wp\/v2\/types\/post"}],"author":[{"embeddable":true,"href":"https:\/\/www.europesays.com\/fr\/wp-json\/wp\/v2\/users\/2"}],"replies":[{"embeddable":true,"href":"https:\/\/www.europesays.com\/fr\/wp-json\/wp\/v2\/comments?post=352940"}],"version-history":[{"count":0,"href":"https:\/\/www.europesays.com\/fr\/wp-json\/wp\/v2\/posts\/352940\/revisions"}],"wp:featuredmedia":[{"embeddable":true,"href":"https:\/\/www.europesays.com\/fr\/wp-json\/wp\/v2\/media\/352941"}],"wp:attachment":[{"href":"https:\/\/www.europesays.com\/fr\/wp-json\/wp\/v2\/media?parent=352940"}],"wp:term":[{"taxonomy":"category","embeddable":true,"href":"https:\/\/www.europesays.com\/fr\/wp-json\/wp\/v2\/categories?post=352940"},{"taxonomy":"post_tag","embeddable":true,"href":"https:\/\/www.europesays.com\/fr\/wp-json\/wp\/v2\/tags?post=352940"}],"curies":[{"name":"wp","href":"https:\/\/api.w.org\/{rel}","templated":true}]}}