{"id":352944,"date":"2025-08-29T20:39:21","date_gmt":"2025-08-29T20:39:21","guid":{"rendered":"https:\/\/www.europesays.com\/fr\/352944\/"},"modified":"2025-08-29T20:39:21","modified_gmt":"2025-08-29T20:39:21","slug":"insultes-jets-de-canettes-appel-a-la-rebellion-des-policiers-de-la-bac-pris-a-partie-dans-le-quartier-saint-martin-a-montpellier","status":"publish","type":"post","link":"https:\/\/www.europesays.com\/fr\/352944\/","title":{"rendered":"Insultes, jets de canettes, appel \u00e0 la r\u00e9bellion\u00a0: des policiers de la Bac pris \u00e0 partie dans le quartier Saint-Martin \u00e0 Montpellier"},"content":{"rendered":"<p>\n                                                                Alors qu\u2019ils tentaient de contr\u00f4ler un jeune sans casque sur un scooter, les policiers ont \u00e9t\u00e9 outrag\u00e9s par son fr\u00e8re. Ils ont aussi \u00e9t\u00e9 la cible de projectiles.\n                            <\/p>\n<p>Des policiers de la brigade anti-criminalit\u00e9 de Montpellier ont essuy\u00e9 des insultes et des jets des canettes, mardi 26\u00a0ao\u00fbt vers 20\u00a0h dans la cit\u00e9 Saint-Martin. L\u2019auteur des outrages a par ailleurs ameut\u00e9 des personnes autour de lui afin de se rebeller contre les forces de l\u2019ordre.<\/p>\n<p>Provocations<\/p>\n<p>Ce soir-l\u00e0, l\u2019\u00e9quipage du commissariat vient de rep\u00e9rer un jeune \u00e0 scooter\u00a0circulant sans casque, rue du Grau, mais celui-ci prend la fuite. C\u2019est en le suivant qu\u2019ils p\u00e9n\u00e8trent dans la cit\u00e9 et aper\u00e7oivent un autre individu qui leur fait des signes. Il s\u2019agit du mis en cause, dont ils d\u00e9couvriront qu\u2019il s\u2019agit du\u00a0fr\u00e8re du pilote du deux-roues.<\/p>\n<p>\u00c0 ce moment-l\u00e0, les fonctionnaires essuient des jets de canettes, sans parvenir \u00e0 d\u00e9terminer leur provenance.<\/p>\n<p>Renvoy\u00e9 devant la justice pour outrage<\/p>\n<p>L\u2019auteur des outrages et des provocations a \u00e9t\u00e9 interpell\u00e9 et plac\u00e9 en garde \u00e0 vue. \u00c2g\u00e9 de 22 ans, il sera jug\u00e9 pour outrage \u00e0 personne d\u00e9positaire de l\u2019autorit\u00e9 publique.\u00a0Deux des policiers ont d\u00e9pos\u00e9 plainte.<\/p>\n<p>Quant au conducteur du deux-roues, s\u2019il n\u2019a pas \u00e9t\u00e9 retrouv\u00e9, il a cependant \u00e9t\u00e9 identifi\u00e9.<\/p>\n","protected":false},"excerpt":{"rendered":"Alors qu\u2019ils tentaient de contr\u00f4ler un jeune sans casque sur un scooter, les policiers ont \u00e9t\u00e9 outrag\u00e9s par&hellip;\n","protected":false},"author":2,"featured_media":352945,"comment_status":"","ping_status":"","sticky":false,"template":"","format":"standard","meta":{"footnotes":""},"categories":[9599],"tags":[1111,11,1777,674,1011,27,2208,12,2680,25],"class_list":{"0":"post-352944","1":"post","2":"type-post","3":"status-publish","4":"format-standard","5":"has-post-thumbnail","7":"category-montpellier","8":"tag-actu","9":"tag-actualites","10":"tag-eu","11":"tag-europe","12":"tag-fr","13":"tag-france","14":"tag-montpellier","15":"tag-news","16":"tag-occitanie","17":"tag-republique-francaise"},"share_on_mastodon":{"url":"https:\/\/pubeurope.com\/@fr\/115113988198199790","error":""},"_links":{"self":[{"href":"https:\/\/www.europesays.com\/fr\/wp-json\/wp\/v2\/posts\/352944","targetHints":{"allow":["GET"]}}],"collection":[{"href":"https:\/\/www.europesays.com\/fr\/wp-json\/wp\/v2\/posts"}],"about":[{"href":"https:\/\/www.europesays.com\/fr\/wp-json\/wp\/v2\/types\/post"}],"author":[{"embeddable":true,"href":"https:\/\/www.europesays.com\/fr\/wp-json\/wp\/v2\/users\/2"}],"replies":[{"embeddable":true,"href":"https:\/\/www.europesays.com\/fr\/wp-json\/wp\/v2\/comments?post=352944"}],"version-history":[{"count":0,"href":"https:\/\/www.europesays.com\/fr\/wp-json\/wp\/v2\/posts\/352944\/revisions"}],"wp:featuredmedia":[{"embeddable":true,"href":"https:\/\/www.europesays.com\/fr\/wp-json\/wp\/v2\/media\/352945"}],"wp:attachment":[{"href":"https:\/\/www.europesays.com\/fr\/wp-json\/wp\/v2\/media?parent=352944"}],"wp:term":[{"taxonomy":"category","embeddable":true,"href":"https:\/\/www.europesays.com\/fr\/wp-json\/wp\/v2\/categories?post=352944"},{"taxonomy":"post_tag","embeddable":true,"href":"https:\/\/www.europesays.com\/fr\/wp-json\/wp\/v2\/tags?post=352944"}],"curies":[{"name":"wp","href":"https:\/\/api.w.org\/{rel}","templated":true}]}}