{"id":352946,"date":"2025-08-29T20:40:11","date_gmt":"2025-08-29T20:40:11","guid":{"rendered":"https:\/\/www.europesays.com\/fr\/352946\/"},"modified":"2025-08-29T20:40:11","modified_gmt":"2025-08-29T20:40:11","slug":"match-nul-entre-les-coleaders-nancy-et-pau-montpellier-accroche-par-amiens","status":"publish","type":"post","link":"https:\/\/www.europesays.com\/fr\/352946\/","title":{"rendered":"match nul entre les coleaders Nancy et Pau, Montpellier accroch\u00e9 par Amiens"},"content":{"rendered":"<p>Comme la semaine pass\u00e9e, <a href=\"https:\/\/www.footmercato.net\/club\/as-nancy-lorraine\/\" rel=\"nofollow noopener\" target=\"_blank\">Nancy<\/a> a longtemps cru r\u00e9aliser la belle op\u00e9ration de cette journ\u00e9e de <a href=\"https:\/\/www.footmercato.net\/france\/ligue-2\/calendrier\/\" rel=\"nofollow noopener\" target=\"_blank\">Ligue 2<\/a>, mais c\u2019\u00e9tait sans compter sur le caract\u00e8re de ces valeureux palois. Ce vendredi, les Nanc\u00e9iens ont \u00e9t\u00e9 accroch\u00e9s en toute fin de match (2-2), dans un Marcel-Picot qui sonnait encore creux (le club purge son huis clos de 4 matchs pour des incidents en tribunes la saison derni\u00e8re). Rayan Bamba avait ouvert le score sur un service de Brandon Bokangu (20e), encore passeur d\u00e9cisif comme le week-end dernier, avant que Beusnard n\u2019\u00e9galise (37e). Saint-Ruf (45+2e) et Mboup (90+2e) ont marqu\u00e9 les deux autres buts du match. Avec ce r\u00e9sultat, Nancy et <a href=\"https:\/\/www.footmercato.net\/club\/pau-fc\/\" rel=\"nofollow noopener\" target=\"_blank\">Pau<\/a> sont <a href=\"https:\/\/www.footmercato.net\/france\/ligue-2\/classement\" rel=\"nofollow noopener\" target=\"_blank\">coleaders<\/a> du championnat ce vendredi soir, et comptent 8 points chacun.<\/p>\n<p>            La suite apr\u00e8s cette publicit\u00e9<\/p>\n<p>\n    Classement g\u00e9n\u00e9ral Ligue 2 BKT<\/p>\n<p>Dans les autres matchs, <a href=\"https:\/\/www.footmercato.net\/club\/montpellier-hsc\/\" rel=\"nofollow noopener\" target=\"_blank\">Montpellier<\/a> a \u00e9t\u00e9 accroch\u00e9 par Amiens (1-1), malgr\u00e9 l\u2019\u00e9galisation de Savanier (79e), entr\u00e9 en jeu pour la premi\u00e8re fois de la saison neuf minutes plus t\u00f4t. L\u2019ancien N\u00eemois avait r\u00e9pondu \u00e0 l\u2019ouverture du score du tr\u00e8s int\u00e9ressant Rayan Lutin en d\u00e9but de match (11e). Le MHSC est 9e, Amiens est 7e. De son c\u00f4t\u00e9, Dunkerque a battu Troyes (2-0) gr\u00e2ce \u00e0 Bardeli et Zossou. Le Red Star a encha\u00een\u00e9 un deuxi\u00e8me succ\u00e8s de suite face \u00e0 Annecy (1-0), tandis que Rodez a gagn\u00e9 pour la premi\u00e8re fois de la saison contre le promu Boulogne-sur-Mer (1-0), qui compte toujours 0 point apr\u00e8s 3 journ\u00e9es. Enfin, pas de vainqueur entre Laval et Clermont (0-0).<\/p>\n<p>\n    Pub. le 29\/08\/2025 22:19<br \/>\n            &#8211; MAJ le 29\/08\/2025 22:34\n    <\/p>\n","protected":false},"excerpt":{"rendered":"Comme la semaine pass\u00e9e, Nancy a longtemps cru r\u00e9aliser la belle op\u00e9ration de cette journ\u00e9e de Ligue 2,&hellip;\n","protected":false},"author":2,"featured_media":352947,"comment_status":"","ping_status":"","sticky":false,"template":"","format":"standard","meta":{"footnotes":""},"categories":[9599],"tags":[1111,11,1777,674,1011,27,2208,12,2680,25],"class_list":{"0":"post-352946","1":"post","2":"type-post","3":"status-publish","4":"format-standard","5":"has-post-thumbnail","7":"category-montpellier","8":"tag-actu","9":"tag-actualites","10":"tag-eu","11":"tag-europe","12":"tag-fr","13":"tag-france","14":"tag-montpellier","15":"tag-news","16":"tag-occitanie","17":"tag-republique-francaise"},"share_on_mastodon":{"url":"https:\/\/pubeurope.com\/@fr\/115113992031501746","error":""},"_links":{"self":[{"href":"https:\/\/www.europesays.com\/fr\/wp-json\/wp\/v2\/posts\/352946","targetHints":{"allow":["GET"]}}],"collection":[{"href":"https:\/\/www.europesays.com\/fr\/wp-json\/wp\/v2\/posts"}],"about":[{"href":"https:\/\/www.europesays.com\/fr\/wp-json\/wp\/v2\/types\/post"}],"author":[{"embeddable":true,"href":"https:\/\/www.europesays.com\/fr\/wp-json\/wp\/v2\/users\/2"}],"replies":[{"embeddable":true,"href":"https:\/\/www.europesays.com\/fr\/wp-json\/wp\/v2\/comments?post=352946"}],"version-history":[{"count":0,"href":"https:\/\/www.europesays.com\/fr\/wp-json\/wp\/v2\/posts\/352946\/revisions"}],"wp:featuredmedia":[{"embeddable":true,"href":"https:\/\/www.europesays.com\/fr\/wp-json\/wp\/v2\/media\/352947"}],"wp:attachment":[{"href":"https:\/\/www.europesays.com\/fr\/wp-json\/wp\/v2\/media?parent=352946"}],"wp:term":[{"taxonomy":"category","embeddable":true,"href":"https:\/\/www.europesays.com\/fr\/wp-json\/wp\/v2\/categories?post=352946"},{"taxonomy":"post_tag","embeddable":true,"href":"https:\/\/www.europesays.com\/fr\/wp-json\/wp\/v2\/tags?post=352946"}],"curies":[{"name":"wp","href":"https:\/\/api.w.org\/{rel}","templated":true}]}}