{"id":352948,"date":"2025-08-29T20:43:12","date_gmt":"2025-08-29T20:43:12","guid":{"rendered":"https:\/\/www.europesays.com\/fr\/352948\/"},"modified":"2025-08-29T20:43:12","modified_gmt":"2025-08-29T20:43:12","slug":"national-j4-sochaux-et-caen-reagissent-dijon-et-rouen-se-placent","status":"publish","type":"post","link":"https:\/\/www.europesays.com\/fr\/352948\/","title":{"rendered":"National (J4). Sochaux et Caen r\u00e9agissent, Dijon et Rouen se placent"},"content":{"rendered":"<p><img loading=\"lazy\" decoding=\"async\" width=\"696\" height=\"464\" class=\"lazyload entry-thumb\" src=\"https:\/\/www.europesays.com\/fr\/wp-content\/uploads\/2025\/08\/National-J3-Rouen-Sochaux-3-696x464.jpg\" alt=\"National J3 Rouen - Sochaux\" title=\"National J3 Rouen - Sochaux (3)\"\/>National J3 Rouen &#8211; Sochaux (Photo Philippe Le Brech)<\/p>\n<p style=\"font-size:20px\"><strong>Sept rencontres de la J4 du National se d\u00e9roulaient ce vendredi 29 ao\u00fbt 2025 suite au report du match entre Versailles et Villefranche. Sochaux en a profit\u00e9 pour rejoindre la t\u00eate du classement \u00e0 la faveur de sa victoire contre Saint-Brieuc.<\/strong><\/p>\n<p>Si les trombes d\u2019eau qui ont gorg\u00e9 d\u2019eau la pelouse ont emp\u00each\u00e9 la tenu de la rencontre entre le leader Versailles et le FC Villefranche Beaujolais, on a bien jou\u00e9 partout ailleurs m\u00eame si les buteurs ont mis du temps \u00e0 se r\u00e9veiller cette semaine encore, avec seulement deux buts inscrits \u00e0 la demi-heure de jeu (5 \u00e0 la pause).<\/p>\n<p><img fetchpriority=\"high\" decoding=\"async\" width=\"1024\" height=\"768\" src=\"https:\/\/www.europesays.com\/fr\/wp-content\/uploads\/2025\/08\/National-Versailles-Villefranche-1024x768.jpg\" alt=\"National Versailles - Villefranche\" class=\"wp-image-126648\"  \/>Photo Philippe Le Brech<\/p>\n<p>Le leader priv\u00e9 de match, Sochaux en a profit\u00e9 pour recoller au classement en s\u2019imposant logiquement contre le Stade Briochin. Derri\u00e8re Dijon et Rouen sont \u00e0 un point. Les Diables Rouges sont all\u00e9s s\u2019imposer \u00e0 Valenciennes avec une fin de match totalement folle avec quatre buts inscrits dans les derni\u00e8res minutes. Caen est \u00e0 deux points de la t\u00eate apr\u00e8s sa victoire \u00e0 Fleury. Un succ\u00e8s qui fait du bien apr\u00e8s le revers \u00e0 domicile contre Versailles.<\/p>\n<p>En fin de classement, Saint-Brieuc reste dernier avec un seul point pris en quatre matchs. D\u00e9but de saison compliqu\u00e9 pour le promu. En se neutralisant, le Puy et Bourg-P\u00e9ronnas n\u2019avancent pas beaucoup avec deux points au compteur (un match en moins pour les Bressans).<\/p>\n<p>R\u00e9sultats et buteurs de la J4 du National<\/p>\n<p>SC Aubagne Air-Bel \u2013 US Concarneau : <strong>1-1<\/strong> (0-0)<br \/>Buts : N\u00e9hari (82e) pour Aubagne ; Picouleau (63e) pour Concarneau<\/p>\n<p>La Berrichonne Ch\u00e2teauroux \u2013 US Orl\u00e9ans Loiret : <strong>0-1<\/strong> (0-0)<br \/>But : El Khoumisti (59e) pour Orl\u00e9ans.<\/p>\n<p>Dijon Football C\u00f4te d\u2019Or \u2013 Paris 13 Atletico : <strong>4-2<\/strong> (2-0)<br \/>Buts : Diallo (10e) Domingues (44e sp, 90e+1), Lembezat (57e) pour Dijon ; Lasme (82e, 85e) pour Paris.<\/p>\n<p>FC Fleury 91 \u2013 SM Caen : <strong>1-2<\/strong> (0-1)<br \/>Buts : Badin (61e) pour Fleury ; Bagbema (35e), Botella (50e) pour Caen.<\/p>\n<p>Le Puy Foot 43 \u2013 Football Bourg-en-Bresse P\u00e9ronnas 01 : <strong>1-1<\/strong> (0-0)<br \/>Buts : Wad\u00e9 (78e) pour Le Puy ; Meyer (67e sp) pour Bourg-en-Bresse.<\/p>\n<p>FC Sochaux Montb\u00e9liard \u2013 Stade Briochin : <strong>2-0<\/strong> (1-0)<br \/>Buts : Boutoutaou (29e), Lecolier (67e sp) pour Sochaux.<\/p>\n<p>Valenciennes FC \u2013 FC Rouen 1899 : <strong>2-2<\/strong> (0-1)<br \/>Buts : Ipi\u00e9l\u00e9 (86e), Boissier (90e+1) pour Valenciennes ; Benzia (43e), Rocha Santos (89e, 90e+4) pour Rouen.<\/p>\n<p>FC Versailles 78 \u2013 FC Villefranche Beaujolais : report\u00e9<\/p>\n<p><a href=\"https:\/\/footamateur.ouest-france.fr\/author\/fred\/\" class=\"url\" title=\"Fr\u00e9d\u00e9ric Sougey\" rel=\"nofollow noopener\" target=\"_blank\"> <img decoding=\"async\" src=\"https:\/\/www.europesays.com\/fr\/wp-content\/uploads\/2025\/04\/gnlpcfya_400x400.jpg\" class=\"lazyload photo\" width=\"250\" alt=\"Fr\u00e9d\u00e9ric Sougey\"\/><\/a><\/p>\n<p>Journaliste chez Sports M\u00e9dia<\/p>\n<p>Elev\u00e9 au c\u0153ur des Alpes, Fred quitte (temporairement) son Grenoble ador\u00e9 pour pr\u00eater sa plume et son regard au monde amateur et plus particuli\u00e8rement au Championnat National dont il est un assidu observateur. Fan de tartiflette, de Karim Mokeddem et de Mulholland Drive. Les bonnes choses de la vie, en somme.<\/p>\n<p><a href=\"https:\/\/footamateur.ouest-france.fr\/author\/fred\/\" class=\"url\" title=\"Fr\u00e9d\u00e9ric Sougey\" rel=\"nofollow noopener\" target=\"_blank\"><img decoding=\"async\" src=\"https:\/\/www.europesays.com\/fr\/wp-content\/uploads\/2025\/04\/gnlpcfya_400x400.jpg\" class=\"lazyload photo\" width=\"250\" alt=\"Fr\u00e9d\u00e9ric Sougey\"\/><\/a>Les derniers articles par Fr\u00e9d\u00e9ric Sougey (<a href=\"https:\/\/footamateur.ouest-france.fr\/author\/fred\/\" rel=\"nofollow noopener\" target=\"_blank\">tout voir<\/a>)<\/p>\n","protected":false},"excerpt":{"rendered":"National J3 Rouen &#8211; Sochaux (Photo Philippe Le Brech) Sept rencontres de la J4 du National se d\u00e9roulaient&hellip;\n","protected":false},"author":2,"featured_media":352949,"comment_status":"","ping_status":"","sticky":false,"template":"","format":"standard","meta":{"footnotes":""},"categories":[9587],"tags":[1111,11,1777,674,1011,27,12,5161,25,9590],"class_list":{"0":"post-352948","1":"post","2":"type-post","3":"status-publish","4":"format-standard","5":"has-post-thumbnail","7":"category-rouen","8":"tag-actu","9":"tag-actualites","10":"tag-eu","11":"tag-europe","12":"tag-fr","13":"tag-france","14":"tag-news","15":"tag-normandie","16":"tag-republique-francaise","17":"tag-rouen"},"share_on_mastodon":{"url":"https:\/\/pubeurope.com\/@fr\/115114004524246928","error":""},"_links":{"self":[{"href":"https:\/\/www.europesays.com\/fr\/wp-json\/wp\/v2\/posts\/352948","targetHints":{"allow":["GET"]}}],"collection":[{"href":"https:\/\/www.europesays.com\/fr\/wp-json\/wp\/v2\/posts"}],"about":[{"href":"https:\/\/www.europesays.com\/fr\/wp-json\/wp\/v2\/types\/post"}],"author":[{"embeddable":true,"href":"https:\/\/www.europesays.com\/fr\/wp-json\/wp\/v2\/users\/2"}],"replies":[{"embeddable":true,"href":"https:\/\/www.europesays.com\/fr\/wp-json\/wp\/v2\/comments?post=352948"}],"version-history":[{"count":0,"href":"https:\/\/www.europesays.com\/fr\/wp-json\/wp\/v2\/posts\/352948\/revisions"}],"wp:featuredmedia":[{"embeddable":true,"href":"https:\/\/www.europesays.com\/fr\/wp-json\/wp\/v2\/media\/352949"}],"wp:attachment":[{"href":"https:\/\/www.europesays.com\/fr\/wp-json\/wp\/v2\/media?parent=352948"}],"wp:term":[{"taxonomy":"category","embeddable":true,"href":"https:\/\/www.europesays.com\/fr\/wp-json\/wp\/v2\/categories?post=352948"},{"taxonomy":"post_tag","embeddable":true,"href":"https:\/\/www.europesays.com\/fr\/wp-json\/wp\/v2\/tags?post=352948"}],"curies":[{"name":"wp","href":"https:\/\/api.w.org\/{rel}","templated":true}]}}