{"id":352950,"date":"2025-08-29T20:45:24","date_gmt":"2025-08-29T20:45:24","guid":{"rendered":"https:\/\/www.europesays.com\/fr\/352950\/"},"modified":"2025-08-29T20:45:24","modified_gmt":"2025-08-29T20:45:24","slug":"asse-grenoble-horneland-fait-un-choix-fort-un-depart-surprise-en-vue","status":"publish","type":"post","link":"https:\/\/www.europesays.com\/fr\/352950\/","title":{"rendered":"ASSE \u2013 Grenoble\u00a0: Horneland fait un choix fort, un d\u00e9part surprise en vue\u00a0?"},"content":{"rendered":"<p><strong>Eirik Horneland s\u2019est priv\u00e9 de Ben Old pour le match de demain contre Grenoble. Ce qui laisse planer le doute sur l\u2019avenir du Kiwi\u2026<\/strong><\/p>\n<p>Hier, lors de son point presse, Eirik Horneland avait annonc\u00e9 les forfaits de Dennis Appiah et Ebenezer Annan pour le match ASSE-Grenoble de demain soir, tout en indiquant que les deux d\u00e9fenseurs seraient absents un mois.<\/p>\n<p>Ben Old vers la sortie\u00a0?<\/p>\n<p>Horneland avait aussi \u00e9voqu\u00e9 un souci pour A\u00efmen Moueffek, touch\u00e9 \u00e0 la cheville, et pour Zuriko Davitashvili, souffrant. Mais les deux joueurs ont particip\u00e9 ce matin \u00e0 la derni\u00e8re s\u00e9ance d\u2019entra\u00eenement avant la rencontre et ils figurent bien dans le groupe communiqu\u00e9 par Eirik Horneland. En revanche, Ben Old est absent. Un \u00ab\u00a0choix du coach\u00a0\u00bb, pr\u00e9cise la communication du club. Le joueur n\u00e9o-z\u00e9landais se dirigerait-il vers la sortie, peut-\u00eatre via un pr\u00eat, \u00e0 quelques jours de la fin du Mercato\u00a0?<\/p>\n","protected":false},"excerpt":{"rendered":"Eirik Horneland s\u2019est priv\u00e9 de Ben Old pour le match de demain contre Grenoble. Ce qui laisse planer&hellip;\n","protected":false},"author":2,"featured_media":352951,"comment_status":"","ping_status":"","sticky":false,"template":"","format":"standard","meta":{"footnotes":""},"categories":[9566],"tags":[1111,11,2430,448,1777,674,63,1011,27,2731,66,3388,12,25,10662],"class_list":{"0":"post-352950","1":"post","2":"type-post","3":"status-publish","4":"format-standard","5":"has-post-thumbnail","7":"category-grenoble","8":"tag-actu","9":"tag-actualites","10":"tag-auvergne-rhone-alpes","11":"tag-champions-league","12":"tag-eu","13":"tag-europe","14":"tag-football","15":"tag-fr","16":"tag-france","17":"tag-grenoble","18":"tag-ligue-1","19":"tag-matchs","20":"tag-news","21":"tag-republique-francaise","22":"tag-transferts"},"share_on_mastodon":{"url":"https:\/\/pubeurope.com\/@fr\/115114011694286555","error":""},"_links":{"self":[{"href":"https:\/\/www.europesays.com\/fr\/wp-json\/wp\/v2\/posts\/352950","targetHints":{"allow":["GET"]}}],"collection":[{"href":"https:\/\/www.europesays.com\/fr\/wp-json\/wp\/v2\/posts"}],"about":[{"href":"https:\/\/www.europesays.com\/fr\/wp-json\/wp\/v2\/types\/post"}],"author":[{"embeddable":true,"href":"https:\/\/www.europesays.com\/fr\/wp-json\/wp\/v2\/users\/2"}],"replies":[{"embeddable":true,"href":"https:\/\/www.europesays.com\/fr\/wp-json\/wp\/v2\/comments?post=352950"}],"version-history":[{"count":0,"href":"https:\/\/www.europesays.com\/fr\/wp-json\/wp\/v2\/posts\/352950\/revisions"}],"wp:featuredmedia":[{"embeddable":true,"href":"https:\/\/www.europesays.com\/fr\/wp-json\/wp\/v2\/media\/352951"}],"wp:attachment":[{"href":"https:\/\/www.europesays.com\/fr\/wp-json\/wp\/v2\/media?parent=352950"}],"wp:term":[{"taxonomy":"category","embeddable":true,"href":"https:\/\/www.europesays.com\/fr\/wp-json\/wp\/v2\/categories?post=352950"},{"taxonomy":"post_tag","embeddable":true,"href":"https:\/\/www.europesays.com\/fr\/wp-json\/wp\/v2\/tags?post=352950"}],"curies":[{"name":"wp","href":"https:\/\/api.w.org\/{rel}","templated":true}]}}