{"id":352952,"date":"2025-08-29T20:48:17","date_gmt":"2025-08-29T20:48:17","guid":{"rendered":"https:\/\/www.europesays.com\/fr\/352952\/"},"modified":"2025-08-29T20:48:17","modified_gmt":"2025-08-29T20:48:17","slug":"un-double-coup-de-genie-inespere-en-passe-detre-conclu-par-desire","status":"publish","type":"post","link":"https:\/\/www.europesays.com\/fr\/352952\/","title":{"rendered":"Un double coup de g\u00e9nie inesp\u00e9r\u00e9 en passe d&rsquo;\u00eatre conclu par D\u00e9sir\u00e9 !"},"content":{"rendered":"<p>                                            Publi\u00e9 le 29\/08\/2025 \u00e0 20h01<br \/>\n                                                                                3 minutes de lecture\n                                                                    <\/p>\n<p>F\u00e9ru de sport et plus particuli\u00e8rement de ballon rond depuis ma plus tendre enfance.<\/p>\n<p>                                            Lire la suite<\/p>\n<p>Le mercato estival du Stade Rennais continue de s\u00a0\u00bbanimer avec des d\u00e9veloppements majeurs concernant <strong>Conrad Harder<\/strong>, l&rsquo;attaquant danois du Sporting Portugal. Apr\u00e8s avoir officialis\u00e9 l&rsquo;arriv\u00e9e d&rsquo;<strong>Est\u00e9ban Lepaul<\/strong>, le club breton semble d\u00e9sormais en passe de boucler un second renfort offensif d&rsquo;envergure. Cette double op\u00e9ration t\u00e9moigne de l&rsquo;ambition rennaise de renforcer significativement son secteur offensif pour la saison \u00e0 venir. Les n\u00e9gociations, qui ont connu de multiples rebondissements ces derni\u00e8res semaines, semblent enfin toucher \u00e0 leur terme. L&rsquo;international danois aurait donn\u00e9 son feu vert pour rejoindre Rennes, marquant ainsi un tournant d\u00e9cisif dans ce dossier complexe qui a mobilis\u00e9 les dirigeants bretons pendant plusieurs semaines.<\/p>\n<p>                                <img decoding=\"async\" src=\"https:\/\/www.europesays.com\/fr\/wp-content\/uploads\/2025\/04\/1744123449_543_logo.png\" alt=\"Logo\"\/><\/p>\n<p>100\u20ac offerts sur ton 1er pari !<\/p>\n<p>                            <a href=\"https:\/\/bit.ly\/4j5wl4k\" class=\"headband-button\" rel=\"nofollow noopener\" target=\"_blank\">J&rsquo;en profite<\/a><\/p>\n<p>                                                                <img loading=\"lazy\" decoding=\"async\" src=\"https:\/\/www.europesays.com\/fr\/wp-content\/uploads\/2025\/08\/mercato-rennes-un-double-coup-de-genie-inespere-en-passe-d-etre-conclu-par-desire.jpg\" alt=\"Illustration : &quot;Mercato Rennes : Un double coup de g\u00e9nie inesp\u00e9r\u00e9 en passe d'\u00eatre conclu par D\u00e9sir\u00e9 !&quot;\" class=\"figure-img img-fluid\" width=\"780\" height=\"478\"\/><\/p>\n<p>                                    \u00a9 Site officiel du Stade Rennais                                <\/p>\n<p>Un accord financier substantiel malgr\u00e9 la concurrence<\/p>\n<p>Les tractations entre Rennes et le Sporting Portugal ont abouti \u00e0 un <strong>accord financier de 23 millions d&rsquo;euros<\/strong>, montant qui t\u00e9moigne de l&rsquo;investissement consid\u00e9rable consenti par les dirigeants bretons. Cette somme place Conrad Harder parmi les transferts les plus on\u00e9reux de l&rsquo;histoire du club rennais, soulignant l&rsquo;importance strat\u00e9gique accord\u00e9e \u00e0 ce recrutement. Parall\u00e8lement aux n\u00e9gociations avec le club portugais, un <strong>accord contractuel avec le joueur<\/strong> avait d\u00e9j\u00e0 \u00e9t\u00e9 finalis\u00e9, facilitant ainsi la progression du dossier. Les conditions personnelles propos\u00e9es \u00e0 l&rsquo;attaquant danois incluent un <strong>contrat de cinq ans<\/strong>, d\u00e9montrant la volont\u00e9 rennaise d&rsquo;inscrire ce recrutement dans la dur\u00e9e. Cette stabilit\u00e9 contractuelle constitue un argument de poids pour convaincre le joueur de choisir la Bretagne plut\u00f4t que d&rsquo;autres destinations europ\u00e9ennes.<\/p>\n<p>L&rsquo;irruption de l&rsquo;AC Milan et les rebondissements du dossier<\/p>\n<p>Le parcours vers la signature de Conrad Harder n&rsquo;a pas \u00e9t\u00e9 un long fleuve tranquille pour les dirigeants rennais. <strong>L&rsquo;irruption de l&rsquo;AC Milan<\/strong> dans les n\u00e9gociations avait consid\u00e9rablement compliqu\u00e9 la donne, retournant le dossier selon les informations disponibles. L&rsquo;int\u00e9r\u00eat du prestigieux club italien avait cr\u00e9\u00e9 une situation de concurrence directe, obligeant Rennes \u00e0 redoubler d&rsquo;efforts pour maintenir sa position privil\u00e9gi\u00e9e. Ces <strong>nombreux rebondissements<\/strong> ont rythm\u00e9 les derni\u00e8res semaines du mercato, cr\u00e9ant une incertitude prolong\u00e9e autour de la destination finale de l&rsquo;attaquant danois. La capacit\u00e9 de Rennes \u00e0 r\u00e9sister \u00e0 cette pression concurrentielle et \u00e0 finaliser malgr\u00e9 tout l&rsquo;op\u00e9ration d\u00e9montre la d\u00e9termination du club breton. Cette pers\u00e9v\u00e9rance dans les n\u00e9gociations illustre parfaitement la strat\u00e9gie ambitieuse mise en place par la direction sportive rennaise.<\/p>\n<p>Une offensive renforc\u00e9e avec Lepaul et Harder<\/p>\n<p>L&rsquo;arriv\u00e9e simultan\u00e9e d&rsquo;<strong>Est\u00e9ban Lepaul et Conrad Harder<\/strong> transformerait radicalement le visage de l&rsquo;attaque rennaise pour la saison \u00e0 venir. Cette double acquisition offensive r\u00e9pond \u00e0 une logique sportive claire : diversifier les options tactiques et augmenter le potentiel de buts de l&rsquo;\u00e9quipe. Le profil de <strong>Conrad Harder<\/strong>, attaquant polyvalent \u00e9voluant au Sporting Portugal, apporterait une dimension internationale suppl\u00e9mentaire \u00e0 l&rsquo;effectif breton. Sa capacit\u00e9 d&rsquo;adaptation au football fran\u00e7ais constituera un enjeu majeur pour l&rsquo;int\u00e9gration r\u00e9ussie de ce transfert ambitieux. L&rsquo;investissement total consenti par Rennes t\u00e9moigne de la volont\u00e9 du club de franchir un palier suppl\u00e9mentaire dans ses ambitions sportives europ\u00e9ennes.<\/p>\n<p>Ce dimanche, le Stade Rennais d\u00e9fie le SCO d\u2019Angers apr\u00e8s le cauchemar v\u00e9cu \u00e0 Lorient. \u00c0 cette occasion, profitez de 100\u20ac offerts pour votre premi\u00e8re inscription sur Parions Sport en Ligne. <a href=\"http:\/\/bit.ly\/4hgs1yE\" rel=\"nofollow noopener\" target=\"_blank\"><strong>Une victoire du Stade Rennais face au SCO d\u2019Angers vous rapporte jusqu\u2019\u00e0 200\u20ac !<\/strong><\/a><\/p>\n<p><strong>Pour en profiter, c\u2019est tr\u00e8s simple :<\/strong><\/p>\n<p>&#8211;                  Cr\u00e9ez votre compte joueur en seulement 2 \u00e9tapes <a href=\"http:\/\/bit.ly\/4hgs1yE\" rel=\"nofollow noopener\" target=\"_blank\"><strong>ici<\/strong><\/a><\/p>\n<p>&#8211;                  R\u00e9alisez votre 1er d\u00e9p\u00f4t puis placez votre 1er pari (Minimum 5\u20ac)<\/p>\n<p>&#8211;                  Une fois votre 1er d\u00e9p\u00f4t et votre 1er pari r\u00e9alis\u00e9s, l\u2019int\u00e9gralit\u00e9 du montant de ce 1er pari sera cr\u00e9dit\u00e9e sur votre compte joueur dans la limite de 100\u20ac maximum et sous la forme de cr\u00e9dits de jeu non retirables. Le cr\u00e9dit s\u2019effectuera alors en une seule \u00e9tape et sous 3 jours<\/p>\n<p>Jouer comporte des risques : endettement, d\u00e9pendance\u2026 Appelez le 09 74 75 13 13 (appel non surtax\u00e9)<\/p>\n","protected":false},"excerpt":{"rendered":"Publi\u00e9 le 29\/08\/2025 \u00e0 20h01 3 minutes de lecture F\u00e9ru de sport et plus particuli\u00e8rement de ballon rond&hellip;\n","protected":false},"author":2,"featured_media":352953,"comment_status":"","ping_status":"","sticky":false,"template":"","format":"standard","meta":{"footnotes":""},"categories":[2821],"tags":[1111,11,829,1777,674,1011,27,12,584,25],"class_list":{"0":"post-352952","1":"post","2":"type-post","3":"status-publish","4":"format-standard","5":"has-post-thumbnail","7":"category-rennes","8":"tag-actu","9":"tag-actualites","10":"tag-bretagne","11":"tag-eu","12":"tag-europe","13":"tag-fr","14":"tag-france","15":"tag-news","16":"tag-rennes","17":"tag-republique-francaise"},"share_on_mastodon":{"url":"https:\/\/pubeurope.com\/@fr\/115114024016351749","error":""},"_links":{"self":[{"href":"https:\/\/www.europesays.com\/fr\/wp-json\/wp\/v2\/posts\/352952","targetHints":{"allow":["GET"]}}],"collection":[{"href":"https:\/\/www.europesays.com\/fr\/wp-json\/wp\/v2\/posts"}],"about":[{"href":"https:\/\/www.europesays.com\/fr\/wp-json\/wp\/v2\/types\/post"}],"author":[{"embeddable":true,"href":"https:\/\/www.europesays.com\/fr\/wp-json\/wp\/v2\/users\/2"}],"replies":[{"embeddable":true,"href":"https:\/\/www.europesays.com\/fr\/wp-json\/wp\/v2\/comments?post=352952"}],"version-history":[{"count":0,"href":"https:\/\/www.europesays.com\/fr\/wp-json\/wp\/v2\/posts\/352952\/revisions"}],"wp:featuredmedia":[{"embeddable":true,"href":"https:\/\/www.europesays.com\/fr\/wp-json\/wp\/v2\/media\/352953"}],"wp:attachment":[{"href":"https:\/\/www.europesays.com\/fr\/wp-json\/wp\/v2\/media?parent=352952"}],"wp:term":[{"taxonomy":"category","embeddable":true,"href":"https:\/\/www.europesays.com\/fr\/wp-json\/wp\/v2\/categories?post=352952"},{"taxonomy":"post_tag","embeddable":true,"href":"https:\/\/www.europesays.com\/fr\/wp-json\/wp\/v2\/tags?post=352952"}],"curies":[{"name":"wp","href":"https:\/\/api.w.org\/{rel}","templated":true}]}}