{"id":352956,"date":"2025-08-29T20:50:21","date_gmt":"2025-08-29T20:50:21","guid":{"rendered":"https:\/\/www.europesays.com\/fr\/352956\/"},"modified":"2025-08-29T20:50:21","modified_gmt":"2025-08-29T20:50:21","slug":"eurometropole-de-strasbourg-lexecutif-fier-de-cinq-ans-de-revolution-des-mobilites","status":"publish","type":"post","link":"https:\/\/www.europesays.com\/fr\/352956\/","title":{"rendered":"Eurom\u00e9tropole de Strasbourg. L\u2019ex\u00e9cutif \u00ab\u00a0fier\u00a0\u00bb de cinq ans de \u00ab\u00a0r\u00e9volution des mobilit\u00e9s\u00a0\u00bb"},"content":{"rendered":"<p>\u00ab\u00a0On souhaitait d\u00e9velopper TOUTES les mobilit\u00e9s sur TOUT le territoire. <a href=\"https:\/\/www.dna.fr\/environnement\/2021\/10\/30\/comment-mettre-en-musique-le-big-bang-des-mobilites\" target=\"_blank\" rel=\"noopener\">Ce choc de l\u2019offre \u00e9tait la priorit\u00e9 du mandat<\/a> \u00a0\u00bb, a d\u2019embl\u00e9e rappel\u00e9 <a href=\"https:\/\/www.dna.fr\/p\/pia-imbs\" target=\"_blank\" rel=\"noopener\">Pia Imbs<\/a>. Ce vendredi 29\u00a0ao\u00fbt, aux c\u00f4t\u00e9s du vice-pr\u00e9sident en charge du sujet Alain Jund, la pr\u00e9sidente de l\u2019Eurom\u00e9tropole pr\u00e9sentait \u00e0 la presse le bilan \u00ab\u00a0impressionnant\u00a0\u00bb de \u00ab\u00a0cinq ans de r\u00e9volution des mobilit\u00e9s\u00a0\u00bb. <a href=\"https:\/\/www.dna.fr\/d\/municipales-2026-a-strasbourg-premiers-mouvements-des-candidats-potentiels-855b6493-b7cc-4fc7-a6c0-7bcf64fc4fef\" target=\"_blank\" rel=\"noopener\">Les \u00e9lections municipales<\/a> de mars se profilent.<\/p>\n<p>Droit \u00e0 la mobilit\u00e9, qualit\u00e9 de l\u2019air, \u00e9quit\u00e9 territoriale, solidarit\u00e9, v\u00e9lo, <a href=\"https:\/\/www.dna.fr\/d\/reseau-express-metropolitain-le-reme-un-rer-pour-l-eurometropole-de-strasbourg-et-sa-region-bb1c8e67-f52a-4e15-9e9b-734800d9acf2\" target=\"_blank\" rel=\"noopener\">R\u00e9seau express m\u00e9tropolitain (Reme)<\/a> \u00a0: listant six enjeux, des \u00ab\u00a0dizaines\u00a0\u00bb d\u2019actions et tout autant de chiffres, les deux responsables de l\u2019ex\u00e9cutif se sont dit \u00ab\u00a0fiers\u00a0\u00bb. Pas moins de \u00ab\u00a0500\u00a0millions d\u2019euros\u00a0\u00bb ont \u00e9t\u00e9 investis dans cette politique, a&#8230;<\/p>\n","protected":false},"excerpt":{"rendered":"\u00ab\u00a0On souhaitait d\u00e9velopper TOUTES les mobilit\u00e9s sur TOUT le territoire. Ce choc de l\u2019offre \u00e9tait la priorit\u00e9 du&hellip;\n","protected":false},"author":2,"featured_media":352957,"comment_status":"","ping_status":"","sticky":false,"template":"","format":"standard","meta":{"footnotes":""},"categories":[2820],"tags":[1111,11,4749,3542,33,2880,436,1777,674,107,1011,27,775,3539,12,316,25,640,2879,2803],"class_list":{"0":"post-352956","1":"post","2":"type-post","3":"status-publish","4":"format-standard","5":"has-post-thumbnail","7":"category-strasbourg","8":"tag-actu","9":"tag-actualites","10":"tag-btp-et-chantiers","11":"tag-circulation","12":"tag-economie","13":"tag-edition-strasbourg","14":"tag-environnement","15":"tag-eu","16":"tag-europe","17":"tag-fil-info","18":"tag-fr","19":"tag-france","20":"tag-grand-est","21":"tag-les-ecologistes","22":"tag-news","23":"tag-politique","24":"tag-republique-francaise","25":"tag-strasbourg","26":"tag-strasbourg-ville","27":"tag-transport"},"share_on_mastodon":{"url":"https:\/\/pubeurope.com\/@fr\/115114031396712106","error":""},"_links":{"self":[{"href":"https:\/\/www.europesays.com\/fr\/wp-json\/wp\/v2\/posts\/352956","targetHints":{"allow":["GET"]}}],"collection":[{"href":"https:\/\/www.europesays.com\/fr\/wp-json\/wp\/v2\/posts"}],"about":[{"href":"https:\/\/www.europesays.com\/fr\/wp-json\/wp\/v2\/types\/post"}],"author":[{"embeddable":true,"href":"https:\/\/www.europesays.com\/fr\/wp-json\/wp\/v2\/users\/2"}],"replies":[{"embeddable":true,"href":"https:\/\/www.europesays.com\/fr\/wp-json\/wp\/v2\/comments?post=352956"}],"version-history":[{"count":0,"href":"https:\/\/www.europesays.com\/fr\/wp-json\/wp\/v2\/posts\/352956\/revisions"}],"wp:featuredmedia":[{"embeddable":true,"href":"https:\/\/www.europesays.com\/fr\/wp-json\/wp\/v2\/media\/352957"}],"wp:attachment":[{"href":"https:\/\/www.europesays.com\/fr\/wp-json\/wp\/v2\/media?parent=352956"}],"wp:term":[{"taxonomy":"category","embeddable":true,"href":"https:\/\/www.europesays.com\/fr\/wp-json\/wp\/v2\/categories?post=352956"},{"taxonomy":"post_tag","embeddable":true,"href":"https:\/\/www.europesays.com\/fr\/wp-json\/wp\/v2\/tags?post=352956"}],"curies":[{"name":"wp","href":"https:\/\/api.w.org\/{rel}","templated":true}]}}