{"id":352958,"date":"2025-08-29T20:51:12","date_gmt":"2025-08-29T20:51:12","guid":{"rendered":"https:\/\/www.europesays.com\/fr\/352958\/"},"modified":"2025-08-29T20:51:12","modified_gmt":"2025-08-29T20:51:12","slug":"a-vence-une-vingtaine-de-chats-sauves-par-lassociation-les-chats-de-stella-28-cadavres-retrouves-dans-un-congelateur","status":"publish","type":"post","link":"https:\/\/www.europesays.com\/fr\/352958\/","title":{"rendered":"\u00c0 Vence, une vingtaine de chats sauv\u00e9s par l&rsquo;association \u00ab\u00a0Les Chats de Stella\u00a0\u00bb, 28 cadavres retrouv\u00e9s dans un cong\u00e9lateur"},"content":{"rendered":"<p><strong>C&rsquo;est le voisin habitant dans le haut de villa de cette propri\u00e9t\u00e9 qui a donn\u00e9 l&rsquo;alerte<\/strong>. Depuis un bon moment d\u00e9j\u00e0, il avait remarqu\u00e9 le nombre de chats dans le jardin de sa voisine. La propri\u00e9t\u00e9 donnant sur une route tr\u00e8s fr\u00e9quent\u00e9e, il est m\u00eame tomb\u00e9 sur des chats qui avaient \u00e9t\u00e9 \u00e9cras\u00e9s.\u00a0<\/p>\n<p>\u00c9tant situ\u00e9 \u00e0 Vence, il a contact\u00e9 l&rsquo;association \u00ab\u00a0Les Chats de Stella\u00a0\u00bb, gros refuge dans les Alpes-Maritimes qui accueille jusqu&rsquo;\u00e0 350 chats.\u00a0\u00a0<\/p>\n<p>La saisie a eu lieu ce jeudi 28 ao\u00fbt. \u00ab\u00a0Nous travaillons en \u00e9troite collaboration avec la gendarmerie. Il y avait deux solutions, explique Carla, soigneuse et une des trois salari\u00e9s de l&rsquo;association.\u00a0Soit la personne c\u00e9dait de son plein gr\u00e9 les animaux, soit la gendarmerie devait appeler le parquet pour que nous ayons l&rsquo;autorisation de saisir tous les animaux vivants. C&rsquo;est ce que nous avons fait car la personne n&rsquo;a pas voulu les c\u00e9der\u00a0\u00bb.\u00a0\u00a0<\/p>\n<p>Quand elle arrive sur place avec ses deux coll\u00e8gues, Carla d\u00e9couvre\u00a0<strong>un jardin \u00ab\u00a0avec des trous partout dans la cl\u00f4ture\u00a0\u00bb. Et des dizaines de chats<\/strong>. \u00ab\u00a0Quand ils nous ont vus arriver, beaucoup se sont \u00e9chapp\u00e9s. Alors pour cette premi\u00e8re saisie, nous n&rsquo;avons pu attraper que les jeunes chats, trois port\u00e9es de chatons et deux adultes, dont la maman qui allaite encore les petits\u00a0\u00bb.\u00a0<\/p>\n<p>              <img ci-src=\"https:\/\/www.nicematin.com\/faits-divers\/9dd5916e-6190-49b9-8392-14dabd0097fe-wlLS3GBe.JPG?ci_seal=3b36059106\" alt=\"\"\/><br \/>\n        Des chatons retrouv\u00e9s lors de la saisie \u00e0 Vence par l&rsquo;association \u00ab\u00a0Les Chats de Stella\u00a0\u00bb.  <strong>Photo Les Chats de Stella\/DR.<\/strong> <\/p>\n<p>              <img ci-src=\"https:\/\/www.nicematin.com\/faits-divers\/dc44c636-55d9-45a3-9467-415959ab6550-RaIYFuSy.JPG?ci_seal=223c111b25\" alt=\"\"\/><br \/>\n        Le logement que Carla et ses coll\u00e8gues ont visit\u00e9 pendant la saisie \u00e9tait insalubre.  <strong>Photo Les Chats de Stella\/DR.<\/strong> <\/p>\n<p>                                Une macabre d\u00e9couverte<\/p>\n<p>En se d\u00e9pla\u00e7ant dans ce lieu insalubre, Carla fait \u00e9galement une macabre d\u00e9couverte: <strong>28 cadavres de chats, adultes et jeunes, dans le cong\u00e9lateur<\/strong>. Une situation qui ne l&rsquo;\u00e9tonne pas vraiment. \u00ab\u00a0C&rsquo;est toujours la m\u00eame chose.\u00a0\u00c7a ressemble \u00e0 un Syndrome de No\u00e9. C&rsquo;\u00e9tait probablement une personne qui, n&rsquo;ayant pas les moyens de st\u00e9riliser les chats, s&rsquo;est laiss\u00e9e d\u00e9border\u00a0\u00bb.\u00a0<\/p>\n<p>Les chats encore en vie, eux, sont <strong>sales, plein de puces, ont le coryza du chat<\/strong> (rhinotrach\u00e9ite virale f\u00e9line) et \u00ab\u00a0ne sont pas tr\u00e8s gros\u00a0\u00bb. Carla trouve des bols de croquettes sur place. \u00ab\u00a0\u00c9tant donn\u00e9 qu&rsquo;ils avaient acc\u00e8s \u00e0 l&rsquo;ext\u00e9rieur, ils ont probablement d\u00fb se nourrir ailleurs aussi\u00a0\u00bb.\u00a0\u00a0<\/p>\n<p>Ce vendredi matin, tout ce petit monde est parti chez le v\u00e9t\u00e9rinaire pour se faire ausculter. \u00ab\u00a0<strong>Ils ont \u00e9t\u00e9 d\u00e9parasit\u00e9s, et nous avons fait les vaccins<\/strong>\u00ab\u00a0, explique Carla. \u00c0 terme, et comme c&rsquo;est le cas \u00e0 chaque fois que l&rsquo;association recueille des chats, tous seront identifi\u00e9s, vaccin\u00e9s, st\u00e9rilis\u00e9s (sauf les chatons o\u00f9 il faut attendre l&rsquo;\u00e2ge de 5 ou 6 mois), et seront test\u00e9s pour le Sida et la leucose (grave maladie infectieuse du chat). Il faudra un peu de temps pour qu&rsquo;ils soient remis sur pattes et qu&rsquo;ils puissent \u00eatre propos\u00e9s \u00e0 l&rsquo;adoption.\u00a0<\/p>\n<p>\u00c0 noter que lors de cette premi\u00e8re saisie, l&rsquo;association a aussi trouv\u00e9 quatre tortues exotiques, quatre geckos l\u00e9opard et un poisson rouge.\u00a0<\/p>\n<p>Une mission qui s&rsquo;ajoute \u00e0 celle qu&rsquo;il leur reste encore \u00e0 accomplir: saisir la vingtaine de f\u00e9lins qui sont toujours sur place.<\/p>\n<p>Si vous souhaitez entrer en contact avec l&rsquo;association, <a href=\"https:\/\/leschatsdestella.org\/\" target=\"_blank\" rel=\"noopener\">voici leur site.<\/a>\u00a0Leurs besoins sont principalement financiers. Les dons peuvent \u00eatre fait par virement s\u00e9curis\u00e9, via Paypal, ou sur place. Il est aussi possible d&rsquo;envoyer un courrier \u00e0 l&rsquo;adresse:\u00a0Refuge Gireau &#8211;\u00a01460 chemin de la Gaude &#8211;\u00a006140 VENCE.<\/p>\n","protected":false},"excerpt":{"rendered":"C&rsquo;est le voisin habitant dans le haut de villa de cette propri\u00e9t\u00e9 qui a donn\u00e9 l&rsquo;alerte. Depuis un&hellip;\n","protected":false},"author":2,"featured_media":352959,"comment_status":"","ping_status":"","sticky":false,"template":"","format":"standard","meta":{"footnotes":""},"categories":[2819],"tags":[1111,11,1867,1777,674,118,1011,27,12,2401,882,25,3366],"class_list":{"0":"post-352958","1":"post","2":"type-post","3":"status-publish","4":"format-standard","5":"has-post-thumbnail","7":"category-nice","8":"tag-actu","9":"tag-actualites","10":"tag-animaux","11":"tag-eu","12":"tag-europe","13":"tag-faits-divers","14":"tag-fr","15":"tag-france","16":"tag-news","17":"tag-nice","18":"tag-provence-alpes-cote-dazur","19":"tag-republique-francaise","20":"tag-vie-locale"},"share_on_mastodon":{"url":"https:\/\/pubeurope.com\/@fr\/115114035330844056","error":""},"_links":{"self":[{"href":"https:\/\/www.europesays.com\/fr\/wp-json\/wp\/v2\/posts\/352958","targetHints":{"allow":["GET"]}}],"collection":[{"href":"https:\/\/www.europesays.com\/fr\/wp-json\/wp\/v2\/posts"}],"about":[{"href":"https:\/\/www.europesays.com\/fr\/wp-json\/wp\/v2\/types\/post"}],"author":[{"embeddable":true,"href":"https:\/\/www.europesays.com\/fr\/wp-json\/wp\/v2\/users\/2"}],"replies":[{"embeddable":true,"href":"https:\/\/www.europesays.com\/fr\/wp-json\/wp\/v2\/comments?post=352958"}],"version-history":[{"count":0,"href":"https:\/\/www.europesays.com\/fr\/wp-json\/wp\/v2\/posts\/352958\/revisions"}],"wp:featuredmedia":[{"embeddable":true,"href":"https:\/\/www.europesays.com\/fr\/wp-json\/wp\/v2\/media\/352959"}],"wp:attachment":[{"href":"https:\/\/www.europesays.com\/fr\/wp-json\/wp\/v2\/media?parent=352958"}],"wp:term":[{"taxonomy":"category","embeddable":true,"href":"https:\/\/www.europesays.com\/fr\/wp-json\/wp\/v2\/categories?post=352958"},{"taxonomy":"post_tag","embeddable":true,"href":"https:\/\/www.europesays.com\/fr\/wp-json\/wp\/v2\/tags?post=352958"}],"curies":[{"name":"wp","href":"https:\/\/api.w.org\/{rel}","templated":true}]}}