{"id":352960,"date":"2025-08-29T20:52:09","date_gmt":"2025-08-29T20:52:09","guid":{"rendered":"https:\/\/www.europesays.com\/fr\/352960\/"},"modified":"2025-08-29T20:52:09","modified_gmt":"2025-08-29T20:52:09","slug":"le-milieu-de-benfica-tiago-gouveia-a-pris-la-direction-de-nice","status":"publish","type":"post","link":"https:\/\/www.europesays.com\/fr\/352960\/","title":{"rendered":"Le milieu de Benfica Tiago Gouveia a pris la direction de Nice"},"content":{"rendered":"<p>\u00a0Le Portugais de 24 ans a quitt\u00e9 Lisbonne ce vendredi soir et pris la direction de la C\u00f4te d\u2019Azur, o\u00f9 il doit passer sa visite m\u00e9dicale ce samedi. Il ne sera pas qualifi\u00e9 pour le d\u00e9placement au Havre (dimanche, 17h15) et aura la tr\u00eave pour s\u2019acclimater \u00e0 son nouvel environnement.<\/p>\n<p>La huiti\u00e8me recrue du mercato ni\u00e7ois sera-t-elle la derni\u00e8re ? Peut-\u00eatre pas, car les dirigeants ni\u00e7ois sont \u00e0 l\u2019aff\u00fbt d\u2019une opportunit\u00e9 pour compl\u00e9ter un entrejeu fourni en nombre mais qui manque d\u2019un joueur d\u2019\u00e9quilibre au profil plus d\u00e9fensif, en plus de Salis Abdul Samed puisque Pablo Rosario est parti au FC Porto.<\/p>\n<p>Un int\u00e9r\u00eat pour Charles Vanhoutte<\/p>\n<p>Comme r\u00e9v\u00e9l\u00e9 par le journaliste sp\u00e9cialis\u00e9 dans le mercato Sacha Tavolieri, l\u2019OGC Nice a fait une approche aupr\u00e8s de l\u2019Union Saint-Gilloise pour Charles Vanhoutte. Le joueur \u00e2g\u00e9 de 26 ans vient d\u2019\u00eatre appel\u00e9 pour la premi\u00e8re fois chez les Diables Rouges par le s\u00e9lectionneur Rudi Garcia. Mais l\u2019op\u00e9ration s\u2019annonce tr\u00e8s compliqu\u00e9e car Vanhoutte est un \u00e9l\u00e9ment-cl\u00e9 de son \u00e9quipe, qui dispute cette saison la C1.<\/p>\n<p>Le Gym cherche par ailleurs toujours une porte de sortie \u00e0 Billal Brahimi qui a refus\u00e9 la MLS et le projet de Minnesota.\u00a0<\/p>\n","protected":false},"excerpt":{"rendered":"\u00a0Le Portugais de 24 ans a quitt\u00e9 Lisbonne ce vendredi soir et pris la direction de la C\u00f4te&hellip;\n","protected":false},"author":2,"featured_media":352961,"comment_status":"","ping_status":"","sticky":false,"template":"","format":"standard","meta":{"footnotes":""},"categories":[2819],"tags":[1111,11,1777,674,63,1011,27,12,2401,882,25,60],"class_list":{"0":"post-352960","1":"post","2":"type-post","3":"status-publish","4":"format-standard","5":"has-post-thumbnail","7":"category-nice","8":"tag-actu","9":"tag-actualites","10":"tag-eu","11":"tag-europe","12":"tag-football","13":"tag-fr","14":"tag-france","15":"tag-news","16":"tag-nice","17":"tag-provence-alpes-cote-dazur","18":"tag-republique-francaise","19":"tag-sports"},"share_on_mastodon":{"url":"https:\/\/pubeurope.com\/@fr\/115114039242288000","error":""},"_links":{"self":[{"href":"https:\/\/www.europesays.com\/fr\/wp-json\/wp\/v2\/posts\/352960","targetHints":{"allow":["GET"]}}],"collection":[{"href":"https:\/\/www.europesays.com\/fr\/wp-json\/wp\/v2\/posts"}],"about":[{"href":"https:\/\/www.europesays.com\/fr\/wp-json\/wp\/v2\/types\/post"}],"author":[{"embeddable":true,"href":"https:\/\/www.europesays.com\/fr\/wp-json\/wp\/v2\/users\/2"}],"replies":[{"embeddable":true,"href":"https:\/\/www.europesays.com\/fr\/wp-json\/wp\/v2\/comments?post=352960"}],"version-history":[{"count":0,"href":"https:\/\/www.europesays.com\/fr\/wp-json\/wp\/v2\/posts\/352960\/revisions"}],"wp:featuredmedia":[{"embeddable":true,"href":"https:\/\/www.europesays.com\/fr\/wp-json\/wp\/v2\/media\/352961"}],"wp:attachment":[{"href":"https:\/\/www.europesays.com\/fr\/wp-json\/wp\/v2\/media?parent=352960"}],"wp:term":[{"taxonomy":"category","embeddable":true,"href":"https:\/\/www.europesays.com\/fr\/wp-json\/wp\/v2\/categories?post=352960"},{"taxonomy":"post_tag","embeddable":true,"href":"https:\/\/www.europesays.com\/fr\/wp-json\/wp\/v2\/tags?post=352960"}],"curies":[{"name":"wp","href":"https:\/\/api.w.org\/{rel}","templated":true}]}}