{"id":352964,"date":"2025-08-29T20:54:16","date_gmt":"2025-08-29T20:54:16","guid":{"rendered":"https:\/\/www.europesays.com\/fr\/352964\/"},"modified":"2025-08-29T20:54:16","modified_gmt":"2025-08-29T20:54:16","slug":"nantes-quatre-jeunes-hommes-interpelles-apres-une-serie-de-guet-apens-homophobes","status":"publish","type":"post","link":"https:\/\/www.europesays.com\/fr\/352964\/","title":{"rendered":"Nantes : Quatre jeunes hommes interpell\u00e9s apr\u00e8s une s\u00e9rie de guet-apens homophobes"},"content":{"rendered":"<p>Quatre jeunes hommes ont \u00e9t\u00e9 interpell\u00e9s et pr\u00e9sent\u00e9s \u00e0 la justice, mercredi 27 ao\u00fbt, pour une s\u00e9rie d\u2019agressions homophobes particuli\u00e8rement violentes commises dans l\u2019agglom\u00e9ration nantaise entre mai et ao\u00fbt 2025.<\/p>\n<p>Selon le parquet de Nantes, les suspects, trois majeurs et un mineur de 17 ans, ont attir\u00e9 plusieurs hommes sur un site de rencontres avant de les <a href=\"https:\/\/www.stophomophobie.com\/reze-un-homme-agresse-a-coups-de-marteau-lors-dun-guet-apens-homophobe\/\" target=\"_blank\" rel=\"noopener nofollow\">pi\u00e9ger dans le parc de Praud, \u00e0 Rez\u00e9<\/a>. Les victimes \u00e9taient frapp\u00e9es, insult\u00e9es, parfois film\u00e9es, tandis que leurs cartes bancaires \u00e9taient extorqu\u00e9es sous la menace d\u2019armes de fortune, notamment <a href=\"https:\/\/www.stophomophobie.com\/reze-un-homme-agresse-a-coups-de-marteau-lors-dun-guet-apens-homophobe\/\" target=\"_blank\" rel=\"noopener nofollow\">un marteau et un maillet<\/a>.<\/p>\n<p>Trois agressions recens\u00e9es<\/p>\n<p>Le 30 mai, un premier homme est rou\u00e9 de coups, s\u00e9questr\u00e9 et contraint de livrer son code bancaire. Ses effets personnels sont \u00e9parpill\u00e9s dans le parc. Le 31 juillet, une seconde victime subit un sc\u00e9nario similaire : vol de t\u00e9l\u00e9phone, retrait de 500 euros et m\u00eame une commande Uber Eats pass\u00e9e avec sa carte. Le 7 ao\u00fbt, une troisi\u00e8me attaque est men\u00e9e avec le m\u00eame mode op\u00e9ratoire.<\/p>\n<p>Au cours des violences, les agresseurs consultaient les t\u00e9l\u00e9phones des victimes, photographiaient leurs contacts et n\u2019h\u00e9sitaient pas \u00e0 filmer la sc\u00e8ne, tout en prof\u00e9rant des injures homophobes. \u00ab Le caract\u00e8re cibl\u00e9 de ces actes ne fait aucun doute \u00bb, souligne une source proche de l\u2019enqu\u00eate.<\/p>\n<p>Un groupe organis\u00e9<\/p>\n<p>L\u2019affaire a \u00e9t\u00e9 confi\u00e9e au service local de police judiciaire de Nantes. Les investigations techniques, incluant l\u2019exploitation d\u2019images de vid\u00e9osurveillance et de donn\u00e9es t\u00e9l\u00e9phoniques, ont rapidement permis d\u2019identifier les suspects. Lors des perquisitions, les enqu\u00eateurs ont retrouv\u00e9 les armes utilis\u00e9es et l\u2019un des t\u00e9l\u00e9phones vol\u00e9s.<\/p>\n<p>En garde \u00e0 vue, les mis en cause ont reconnu les faits dans leur ensemble, tout en minimisant certaines violences. Ils ont aussi \u00e9voqu\u00e9 d\u2019autres agressions, laissant craindre l\u2019existence d\u2019un r\u00e9seau plus vaste d\u2019attaques organis\u00e9es sur la r\u00e9gion nantaise.<\/p>\n<p>Poursuites et sanctions encourues<\/p>\n<p>Les suspects ont \u00e9t\u00e9 d\u00e9f\u00e9r\u00e9s au parquet et mis en examen pour extorsions commises avec arme \u00ab en raison de l\u2019orientation sexuelle \u00bb des victimes, violences aggrav\u00e9es et escroqueries bancaires. Dans un communiqu\u00e9 cit\u00e9 par <a href=\"https:\/\/www.lemonde.fr\/societe\/article\/2025\/08\/29\/agressions-homophobes-pres-de-nantes-quatre-personnes-arretees-et-deferees_6637398_3224.html?utm_source=chatgpt.com\" target=\"_blank\" rel=\"noopener nofollow\">Le Monde<\/a>, le procureur de la R\u00e9publique de Nantes, Antoine Leroy, a rappel\u00e9 que de tels crimes \u00ab sont r\u00e9prim\u00e9s par la peine la plus lourde du code p\u00e9nal, la r\u00e9clusion criminelle \u00e0 perp\u00e9tuit\u00e9 \u00bb.<\/p>\n<p>Le magistrat a salu\u00e9 \u00ab l\u2019efficacit\u00e9 du travail policier \u00bb, insistant sur l\u2019importance de \u00ab mettre un terme \u00e0 une s\u00e9rie de faits particuli\u00e8rement graves \u00bb.<\/p>\n<p>Un climat d\u2019inqui\u00e9tude<\/p>\n<p data-start=\"3309\" data-end=\"3589\">En 2024, selon le minist\u00e8re de l\u2019Int\u00e9rieur, les violences homophobes signal\u00e9es en France ont connu une hausse de pr\u00e8s de 13 %. \u00c0 Nantes, plusieurs associations avaient d\u00e9j\u00e0 alert\u00e9 sur la multiplication d\u2019agressions visant des hommes rencontr\u00e9s via des applications de rencontre. La police de Loire-Atlantique a aussi <a href=\"https:\/\/www.stophomophobie.com\/nantes-la-police-alerte-apres-une-serie-de-guets-apens-homophobes-tendus-via-les-applis-de-rencontre\/\" target=\"_blank\" rel=\"noopener nofollow\">relanc\u00e9 au d\u00e9but du mois d\u2019ao\u00fbt un appel \u00e0 la prudence<\/a>.<\/p>\n<p data-start=\"3591\" data-end=\"3726\">L\u2019instruction judiciaire se poursuit pour d\u00e9terminer l\u2019\u00e9tendue exacte des faits et identifier d\u2019\u00e9ventuelles victimes suppl\u00e9mentaires.<\/p>\n","protected":false},"excerpt":{"rendered":"Quatre jeunes hommes ont \u00e9t\u00e9 interpell\u00e9s et pr\u00e9sent\u00e9s \u00e0 la justice, mercredi 27 ao\u00fbt, pour une s\u00e9rie d\u2019agressions&hellip;\n","protected":false},"author":2,"featured_media":352965,"comment_status":"","ping_status":"","sticky":false,"template":"","format":"standard","meta":{"footnotes":""},"categories":[2818],"tags":[1111,11,1777,674,1011,27,766,12,2636,25],"class_list":{"0":"post-352964","1":"post","2":"type-post","3":"status-publish","4":"format-standard","5":"has-post-thumbnail","7":"category-nantes","8":"tag-actu","9":"tag-actualites","10":"tag-eu","11":"tag-europe","12":"tag-fr","13":"tag-france","14":"tag-nantes","15":"tag-news","16":"tag-pays-de-la-loire","17":"tag-republique-francaise"},"share_on_mastodon":{"url":"https:\/\/pubeurope.com\/@fr\/115114047365567907","error":""},"_links":{"self":[{"href":"https:\/\/www.europesays.com\/fr\/wp-json\/wp\/v2\/posts\/352964","targetHints":{"allow":["GET"]}}],"collection":[{"href":"https:\/\/www.europesays.com\/fr\/wp-json\/wp\/v2\/posts"}],"about":[{"href":"https:\/\/www.europesays.com\/fr\/wp-json\/wp\/v2\/types\/post"}],"author":[{"embeddable":true,"href":"https:\/\/www.europesays.com\/fr\/wp-json\/wp\/v2\/users\/2"}],"replies":[{"embeddable":true,"href":"https:\/\/www.europesays.com\/fr\/wp-json\/wp\/v2\/comments?post=352964"}],"version-history":[{"count":0,"href":"https:\/\/www.europesays.com\/fr\/wp-json\/wp\/v2\/posts\/352964\/revisions"}],"wp:featuredmedia":[{"embeddable":true,"href":"https:\/\/www.europesays.com\/fr\/wp-json\/wp\/v2\/media\/352965"}],"wp:attachment":[{"href":"https:\/\/www.europesays.com\/fr\/wp-json\/wp\/v2\/media?parent=352964"}],"wp:term":[{"taxonomy":"category","embeddable":true,"href":"https:\/\/www.europesays.com\/fr\/wp-json\/wp\/v2\/categories?post=352964"},{"taxonomy":"post_tag","embeddable":true,"href":"https:\/\/www.europesays.com\/fr\/wp-json\/wp\/v2\/tags?post=352964"}],"curies":[{"name":"wp","href":"https:\/\/api.w.org\/{rel}","templated":true}]}}