{"id":352967,"date":"2025-08-29T20:56:15","date_gmt":"2025-08-29T20:56:15","guid":{"rendered":"https:\/\/www.europesays.com\/fr\/352967\/"},"modified":"2025-08-29T20:56:15","modified_gmt":"2025-08-29T20:56:15","slug":"a-bordeaux-darwin-devient-locataire-des-hangars-skatepark-et-emmaus-pour-33-ans","status":"publish","type":"post","link":"https:\/\/www.europesays.com\/fr\/352967\/","title":{"rendered":"A Bordeaux, Darwin devient locataire des hangars skatepark et Emma\u00fcs pour 33 ans"},"content":{"rendered":"<p>\nLa mairie de Bordeaux et la fonci\u00e8re solidaire Darwin ont sign\u00e9 le 27 ao\u00fbt un bail emphyt\u00e9otique de 33 ans pour l\u2019occupation et l\u2019exploitation des deux hangars qui abritent le skate-park et les activit\u00e9s d\u2019Emma\u00fcs.<\/p>\n<p>\nA la fois per\u00e7u comme un emp\u00eacheur de construire sereinement et un atout du territoire, l\u2019\u00e9cosyst\u00e8me Darwin poursuit ainsi son d\u00e9veloppement bas\u00e9 sur <strong>la culture, l\u2019\u00e9conomie sociale et solidaire et l\u2019environnement<\/strong>. Avec la signature de ce bail, la municipalit\u00e9 confirme son soutien aux activit\u00e9s de ce site atypique de la rive droite.<\/p>\n<p>\nDarwin b\u00e9n\u00e9ficiait d\u2019<strong>autorisations d\u2019occupation temporaire jusqu\u2019en 201<\/strong>6 et depuis, la collectivit\u00e9, l\u2019am\u00e9nageur SAS Bastide Niel et le groupe Evolution, exploitant de Darwin et dirig\u00e9 par Philippe Barre, ne parvenaient pas \u00e0 trouver un terrain d\u2019entente qui puisse allier r\u00e9alisation de la ZAC Bastide Niel et d\u00e9veloppement des activit\u00e9s de Darwin. Une premi\u00e8re tentative a \u00e9t\u00e9 men\u00e9e en d\u00e9cembre 2022 avec <a href=\"https:\/\/www.lemoniteur.fr\/article\/bordeaux-darwin-conforte-sa-position-a-bastide-niel.2246581\" target=\"_blank\" rel=\"nofollow noopener\">la cr\u00e9ation d\u2019une Soci\u00e9t\u00e9 coop\u00e9rative d\u2019int\u00e9r\u00eat collectif<\/a>. Un projet abandonn\u00e9 car \u00ab le mod\u00e8le posait des probl\u00e8mes de garantie pour les banques \u00bb, explique Philippe Barre.<\/p>\n<p>D\u00e9marrage des travaux mi-2026<\/p>\n<p>\nLa mairie a alors fait le choix d\u2019<strong>acqu\u00e9rir en d\u00e9cembre 2024 ces<\/strong> <strong>deux hangars d\u2019une surface de 6 000 m2<\/strong>, aupr\u00e8s de la SAS Bastide Niel pour 2,1 millions d&rsquo;euros TTC. Ils font donc aujourd\u2019hui l\u2019objet d\u2019un bail emphyt\u00e9otique de 33 ans. Cet acte marque la volont\u00e9 de la mairie de soutenir ce site, et pour cause, une \u00e9tude du bureau d\u2019\u00e9tudes Vertigo Lab (install\u00e9 au sein de l\u2019\u00e9cosyst\u00e8me Darwin) r\u00e9v\u00e9lait l\u2019ann\u00e9e derni\u00e8re que ce site qui s&rsquo;\u00e9tend sur pr\u00e8s de 5 hectares h\u00e9berge 250 structures et repr\u00e9sente 1 200 emplois et \u00ab qu\u2019un emploi cr\u00e9\u00e9 au sein de l&rsquo;incubateur de Darwin g\u00e9n\u00e8re trois fois plus d&#8217;emplois indirects que la moyenne des entreprises r\u00e9gionales \u00bb. Le tout d\u00e9velopp\u00e9 gr\u00e2ce \u00e0 des fonds priv\u00e9s \u00e0 hauteur de 95%.<\/p>\n<p>\nAujourd\u2019hui, les \u00e9quipes de Darwin peuvent envisager la suite. Les travaux, d\u2019abord, qui sont estim\u00e9s \u00e0 4,7 M\u20ac pour la totalit\u00e9. Un collectif d\u2019architectes devrait travailler sur le projet cet automne pour d\u00e9poser un permis de construire \u00e0 la fin de l\u2019ann\u00e9e et envisager un d\u00e9marrage travaux mi-2026. L\u2019id\u00e9e est d\u2019<strong>int\u00e9grer de nouvelles activit\u00e9s \u00e9conomiques en lien avec celles d\u00e9j\u00e0 pr\u00e9sentes<\/strong> : skate shop, boutiques autour du roller et du BMX, un luthier\u2026 \u00ab Afin de concilier vocation associative et viabilit\u00e9 \u00e9conomique, il est convenu qu\u2019au minimum 65% de la surface sera d\u00e9di\u00e9e \u00e0 des associations (\u2026) La surface restante, plafonn\u00e9e \u00e0 35%, pourra accueillir des activit\u00e9s commerciales et artisanales dont les revenus garantiront la p\u00e9rennit\u00e9 financi\u00e8re du projet \u00bb, pr\u00e9cise un communiqu\u00e9 de la mairie.<\/p>\n<p>\n<b>\u00c0 LIRE<\/b> AUSSI<br \/>\n<a class=\"editoLinkType2 is-marginTB-20\" href=\"https:\/\/www.lemoniteur.fr\/article\/les-maitres-d-ouvrage-de-la-metropole-de-bordeaux-font-front-commun-pour-le-reemploi.2348973\" rel=\"nofollow noopener\" target=\"_blank\"><br \/>\n<b>Les ma\u00eetres d\u2019ouvrage de la m\u00e9tropole de Bordeaux font front commun pour le r\u00e9emploi<\/b><\/p>\n<p><\/a>\n<\/p>\n<p>Redevance annuelle<\/p>\n<p>\nC\u2019est en effet ce deuxi\u00e8me volet qui permettra \u00e0 Darwin de payer la redevance annuelle fix\u00e9e \u00e0 35 000 euros pour une dur\u00e9e de 30 ans ; les trois premi\u00e8res ann\u00e9es \u00e9tant pr\u00e9vues pour les \u00e9tudes et travaux. Un point d\u2019\u00e9tape financier sera effectu\u00e9 entre les deux parties au bout de <strong>dix ann\u00e9es d\u2019exploitation, avec de possibles r\u00e9ajustements<\/strong>. Une clause pr\u00e9voit que 1,5 million d&rsquo;euros pourrait \u00eatre d\u00fb \u00e0 la SAS par la mairie, en cas de d\u00e9s\u00e9quilibre \u00e9conomique de la ZAC \u00e0 son ach\u00e8vement en 2032.<\/p>\n<p>\n\u00ab Il n\u2019y a aucune perte, estime Philippe Barre, car les projets de parking et de logements initialement pr\u00e9vus sur ces fonciers ont \u00e9t\u00e9 relocalis\u00e9s dans la ZAC. \u00bb Ce serait m\u00eame, selon lui\u00a0 une valeur ajout\u00e9e. \u00ab <strong>Nous sommes une locomotive socio-\u00e9conomique<\/strong>, nous avons \u00e0 la fois du sport pour tous et du haut niveau, une d\u00e9marche \u00e9coresponsable et solidaire\u2026 Nous sommes un atout pour la ZAC \u00bb, ajoute-t-il. Un sentiment partag\u00e9 par la ville qui consid\u00e8re \u00ab ces espaces, strat\u00e9giquement situ\u00e9s au c\u0153ur de la Bastide en plein d\u00e9veloppement, et au sein de l\u2019Ecosyst\u00e8me [comme de] v\u00e9ritables \u00ab communs \u00bb \u00bb.<\/p>\n<p>\nDe son c\u00f4t\u00e9, Claire Vend\u00e9, la directrice g\u00e9n\u00e9rale de BMA, am\u00e9nageur de la ZAC via la SAS Bastide Niel, estime que \u00ab Darwin est un p\u00f4le d\u2019attraction et nous aimerions<strong> que des synergies se cr\u00e9ent, notamment avec le P\u00f4le d\u2019enseignement sup\u00e9rieur de la musique et de la danse <\/strong>\u00bb. La disparition des palissades de chantier entre l\u2019\u00e9cosyst\u00e8me et le reste de la ZAC d\u2019ici \u00e0 six mois, \u00e0 la fin des travaux de l\u2019op\u00e9ration Home de Marignan Immobilier, devrait permettre de cr\u00e9er une premi\u00e8re passerelle.<\/p>\n","protected":false},"excerpt":{"rendered":"La mairie de Bordeaux et la fonci\u00e8re solidaire Darwin ont sign\u00e9 le 27 ao\u00fbt un bail emphyt\u00e9otique de&hellip;\n","protected":false},"author":2,"featured_media":352968,"comment_status":"","ping_status":"","sticky":false,"template":"","format":"standard","meta":{"footnotes":""},"categories":[2817],"tags":[1111,11,1997,1777,674,1011,27,2905,12,2219,25,2224,7333],"class_list":{"0":"post-352967","1":"post","2":"type-post","3":"status-publish","4":"format-standard","5":"has-post-thumbnail","7":"category-bordeaux","8":"tag-actu","9":"tag-actualites","10":"tag-bordeaux","11":"tag-eu","12":"tag-europe","13":"tag-fr","14":"tag-france","15":"tag-gironde","16":"tag-news","17":"tag-nouvelle-aquitaine","18":"tag-republique-francaise","19":"tag-sud-ouest","20":"tag-vie-du-btp"},"share_on_mastodon":{"url":"https:\/\/pubeurope.com\/@fr\/115114055056962691","error":""},"_links":{"self":[{"href":"https:\/\/www.europesays.com\/fr\/wp-json\/wp\/v2\/posts\/352967","targetHints":{"allow":["GET"]}}],"collection":[{"href":"https:\/\/www.europesays.com\/fr\/wp-json\/wp\/v2\/posts"}],"about":[{"href":"https:\/\/www.europesays.com\/fr\/wp-json\/wp\/v2\/types\/post"}],"author":[{"embeddable":true,"href":"https:\/\/www.europesays.com\/fr\/wp-json\/wp\/v2\/users\/2"}],"replies":[{"embeddable":true,"href":"https:\/\/www.europesays.com\/fr\/wp-json\/wp\/v2\/comments?post=352967"}],"version-history":[{"count":0,"href":"https:\/\/www.europesays.com\/fr\/wp-json\/wp\/v2\/posts\/352967\/revisions"}],"wp:featuredmedia":[{"embeddable":true,"href":"https:\/\/www.europesays.com\/fr\/wp-json\/wp\/v2\/media\/352968"}],"wp:attachment":[{"href":"https:\/\/www.europesays.com\/fr\/wp-json\/wp\/v2\/media?parent=352967"}],"wp:term":[{"taxonomy":"category","embeddable":true,"href":"https:\/\/www.europesays.com\/fr\/wp-json\/wp\/v2\/categories?post=352967"},{"taxonomy":"post_tag","embeddable":true,"href":"https:\/\/www.europesays.com\/fr\/wp-json\/wp\/v2\/tags?post=352967"}],"curies":[{"name":"wp","href":"https:\/\/api.w.org\/{rel}","templated":true}]}}