{"id":352975,"date":"2025-08-29T21:00:13","date_gmt":"2025-08-29T21:00:13","guid":{"rendered":"https:\/\/www.europesays.com\/fr\/352975\/"},"modified":"2025-08-29T21:00:13","modified_gmt":"2025-08-29T21:00:13","slug":"lille-un-ete-2025-ensoleille-pour-le-tourisme-en-hauts-de-france","status":"publish","type":"post","link":"https:\/\/www.europesays.com\/fr\/352975\/","title":{"rendered":"LILLE : Un \u00e9t\u00e9 2025 ensoleill\u00e9 pour le tourisme en Hauts-de-France"},"content":{"rendered":"<p>La fr\u00e9quentation touristique en Hauts-de-France poursuit sa dynamique entam\u00e9e depuis 2022. Apr\u00e8s avoir progress\u00e9 de 7 points en juillet par rapport \u00e0 2024, le taux d\u2019occupation tous h\u00e9bergements confondus est encore en hausse de 2 points pour le mois d\u2019ao\u00fbt. Entre 2022 et 2024, la hausse des nuit\u00e9es tous h\u00e9bergements confondus est de +2,9%, d\u00e9montrant ainsi une progression constante et r\u00e9guli\u00e8re.<\/p>\n<p>Toutes les typologies d\u2019h\u00e9bergements progressent durant l\u2019\u00e9t\u00e9 2025 :<\/p>\n<p>\u2022 H\u00f4tellerie de plein air : En juillet, taux d\u2019occupation de 67 %, en hausse de 3 points par rapport \u00e0 juillet 2024 et en ao\u00fbt, taux d\u2019occupation de 84 %, en hausse de 4 points par rapport \u00e0 ao\u00fbt 2024.\u00a0<\/p>\n<p>\u2022 H\u00f4tellerie : En juillet, hausse du taux d\u2019occupation de 13 points (68 %) par rapport \u00e0 juillet 2024 et en ao\u00fbt, taux d\u2019occupation de 81 %, stable par rapport \u00e0 ao\u00fbt 2024.<\/p>\n<p>\u2022 Meubl\u00e9s G\u00eetes de France : En juillet, les nuit\u00e9es \u00e9taient en hausse de 4 %. Et stable en ao\u00fbt (+0,2 %).<\/p>\n<p>\u2022 Plateformes (Airbnb, Abritel, Booking) : du 1er juillet au 26 ao\u00fbt, les nuit\u00e9es r\u00e9serv\u00e9es sont en hausse de 1,5%.<\/p>\n<p>Selon le barom\u00e8tre Novam\u00e9trie pour Hauts-de-France Tourisme, 86% des h\u00e9bergeurs font part d\u2019une bonne fr\u00e9quentation de leurs \u00e9tablissements cet \u00e9t\u00e9. Sources : Barom\u00e8tre Novam\u00e9trie pour Hauts de France Tourisme, Relais G\u00eetes du Nord, Lighthouse.<\/p>\n<p>La client\u00e8le internationale continue sa progression en Hauts-de-France :\u00a0<\/p>\n<p>Entre 2022 et 2024, la client\u00e8le internationale \u00e9tait d\u00e9j\u00e0 en hausse de 12,1%. Les six premiers mois dans l\u2019h\u00f4tellerie ont vu la poursuite de cette fr\u00e9quentation de la client\u00e8le internationale, avec des nuit\u00e9es \u00e9trang\u00e8res en progression de 7,1% par rapport \u00e0 2024 sur la m\u00eame p\u00e9riode. Les nuit\u00e9es belges augmentent de 9%, les nuit\u00e9es allemandes de 8,6% et les nuit\u00e9es n\u00e9erlandaises 7,2%. Dans le m\u00eame temps, dans les G\u00eetes de France, on observe pour le mois d\u2019ao\u00fbt une hausse importante de 15,5% des nuit\u00e9es internationales.<\/p>\n<p>Des \u00e9quipements touristiques \u00e9galement orient\u00e9s \u00e0 la hausse :\u00a0<\/p>\n<p>Dans l\u2019attente des chiffres d\u00e9finitifs de la saison estivale, La Piscine \u00e0 Roubaix (+ 3,7 % sur la p\u00e9riode du 26 juin au 25 ao\u00fbt), le Louvre-Lens (+ 20 % sur les activit\u00e9s d\u2019\u00e9t\u00e9 Parc en f\u00eate) et le Ch\u00e2teau de Chantilly (+25 % depuis le 1er juillet) connaissent aussi des augmentations notables de leur fr\u00e9quentation.Des bons niveaux de r\u00e9servation pour le mois de septembre Dans les G\u00eetes de France, les r\u00e9servations sont par exemple en avance de 22 % dans le Pas- de-Calais par rapport \u00e0 septembre 2024 et 7 % dans la Somme. 82 % des h\u00e9bergeurs signalent un bon niveau de r\u00e9servation pour le mois de septembre.<\/p>\n<p><strong>Jean-Marc Morez, Pr\u00e9sident UMIH Hauts-de-France<\/strong><\/p>\n<p>\u00ab Nous constatons pour la saison 2025, une h\u00f4tellerie en belle forme toute gamme confondue au mois de juillet sur l\u2019ensemble du territoire et un mois d\u2019ao\u00fbt dans la continuit\u00e9. Avec le passage du Tour de France ou les Voiles de l\u00e9gendes \u00e0 Dunkerque, les villes des Hauts-de-France ont b\u00e9n\u00e9fici\u00e9 d\u2019une belle mise en lumi\u00e8re. Une baisse de fr\u00e9quentation des \u00e9tablissements de restauration en juillet, stabilis\u00e9 en ao\u00fbt avec une m\u00e9t\u00e9o douce, cl\u00e9mente et des chaleurs supportables contrairement \u00e0 d\u2019autres r\u00e9gions \u00bb.<\/p>\n<p><strong>Thierry Limantour, FRHPA et Pr\u00e9sident FDHPA Pas-de-Calais<\/strong>\u00a0<\/p>\n<p>\u00ab Apr\u00e8s un tr\u00e8s bon printemps dans nos campings, le mois de juillet a \u00e9t\u00e9 stable par rapport \u00e0 l\u2019an dernier, avec un m\u00eame chiffre d\u2019affaires mais une fr\u00e9quentation en l\u00e9g\u00e8re baisse. Les trois premi\u00e8res semaines d\u2019ao\u00fbt ont \u00e9t\u00e9 tr\u00e8s bonnes. Pour septembre, on sera surtout tributaires de la m\u00e9t\u00e9o. La client\u00e8le belge progresse chaque ann\u00e9e et nous avons de plus en plus d\u2019Hollandais et d\u2019Allemands. Nos clients viennent davantage en courts s\u00e9jours. Ils veulent partir plus souvent et moins longtemps. L\u2019incertitude et les contraintes budg\u00e9taires impactent le moral des Fran\u00e7ais notamment \u00bb.<\/p>\n<p><strong>Laurence Delcroix, Directrice g\u00e9rante de l\u2019agence r\u00e9servation G\u00eetes de France Aisne, Oise, Nord et Pas-de-Calais<\/strong><\/p>\n<p>\u00ab Nos d\u00e9partements confirment leur bonne dynamique touristique en ao\u00fbt 2025 : des s\u00e9jours qui s\u2019allongent l\u00e9g\u00e8rement, une client\u00e8le familiale en progression et une pr\u00e9sence \u00e9trang\u00e8re soutenue, particuli\u00e8rement dans le Pas-de-Calais et l\u2019Aisne \u00bb.<\/p>\n<p><strong>Fran\u00e7ois Bergez, Directeur de l\u2019Agence de d\u00e9veloppement et de r\u00e9servation touristique de la Somme<\/strong><\/p>\n<p>\u00ab Un mois d\u2019ao\u00fbt 2025 aussi bon qu\u2019en 2024 en termes de taux d\u2019occupation et une progression d\u2019environ 1 000 nuit\u00e9es. Les nuit\u00e9es des touristes \u00e9trangers sont en l\u00e9g\u00e8re baisse par rapport \u00e0 ao\u00fbt 2024 alors que les nuit\u00e9es des touristes fran\u00e7ais augmentent de 2,3 points. La premi\u00e8re quinzaine de septembre s\u2019annonce bien en termes de r\u00e9servation en g\u00eetes, il est cependant trop t\u00f4t pour avoir une vision globale sur le mois \u00bb.<\/p>\n","protected":false},"excerpt":{"rendered":"La fr\u00e9quentation touristique en Hauts-de-France poursuit sa dynamique entam\u00e9e depuis 2022. Apr\u00e8s avoir progress\u00e9 de 7 points en&hellip;\n","protected":false},"author":2,"featured_media":352976,"comment_status":"","ping_status":"","sticky":false,"template":"","format":"standard","meta":{"footnotes":""},"categories":[2815],"tags":[1111,11,1777,674,1011,27,811,1307,12,25],"class_list":{"0":"post-352975","1":"post","2":"type-post","3":"status-publish","4":"format-standard","5":"has-post-thumbnail","7":"category-lille","8":"tag-actu","9":"tag-actualites","10":"tag-eu","11":"tag-europe","12":"tag-fr","13":"tag-france","14":"tag-hauts-de-france","15":"tag-lille","16":"tag-news","17":"tag-republique-francaise"},"share_on_mastodon":{"url":"https:\/\/pubeurope.com\/@fr\/115114070782843638","error":""},"_links":{"self":[{"href":"https:\/\/www.europesays.com\/fr\/wp-json\/wp\/v2\/posts\/352975","targetHints":{"allow":["GET"]}}],"collection":[{"href":"https:\/\/www.europesays.com\/fr\/wp-json\/wp\/v2\/posts"}],"about":[{"href":"https:\/\/www.europesays.com\/fr\/wp-json\/wp\/v2\/types\/post"}],"author":[{"embeddable":true,"href":"https:\/\/www.europesays.com\/fr\/wp-json\/wp\/v2\/users\/2"}],"replies":[{"embeddable":true,"href":"https:\/\/www.europesays.com\/fr\/wp-json\/wp\/v2\/comments?post=352975"}],"version-history":[{"count":0,"href":"https:\/\/www.europesays.com\/fr\/wp-json\/wp\/v2\/posts\/352975\/revisions"}],"wp:featuredmedia":[{"embeddable":true,"href":"https:\/\/www.europesays.com\/fr\/wp-json\/wp\/v2\/media\/352976"}],"wp:attachment":[{"href":"https:\/\/www.europesays.com\/fr\/wp-json\/wp\/v2\/media?parent=352975"}],"wp:term":[{"taxonomy":"category","embeddable":true,"href":"https:\/\/www.europesays.com\/fr\/wp-json\/wp\/v2\/categories?post=352975"},{"taxonomy":"post_tag","embeddable":true,"href":"https:\/\/www.europesays.com\/fr\/wp-json\/wp\/v2\/tags?post=352975"}],"curies":[{"name":"wp","href":"https:\/\/api.w.org\/{rel}","templated":true}]}}