{"id":352978,"date":"2025-08-29T21:02:10","date_gmt":"2025-08-29T21:02:10","guid":{"rendered":"https:\/\/www.europesays.com\/fr\/352978\/"},"modified":"2025-08-29T21:02:10","modified_gmt":"2025-08-29T21:02:10","slug":"un-rapport-choc-denonce-des-conditions-de-detention-inhumaines","status":"publish","type":"post","link":"https:\/\/www.europesays.com\/fr\/352978\/","title":{"rendered":"un rapport choc d\u00e9nonce des conditions de d\u00e9tention inhumaines"},"content":{"rendered":"<p class=\"mb-4 text-lg md:leading-8 break-words\">Le rapport publi\u00e9 ce vendredi 29 ao\u00fbt par la contr\u00f4leuse g\u00e9n\u00e9rale des lieux de privation de libert\u00e9, Dominique Simonnot, dresse un constat alarmant sur l\u2019\u00e9tablissement p\u00e9nitentiaire pour mineurs de Marseille, <strong>situ\u00e9 \u00e0 La Valentine (11e arrondissement)<\/strong>. La visite inopin\u00e9e, men\u00e9e du 7 au 11 juillet, r\u00e9v\u00e8le des manquements graves, tant sur les conditions mat\u00e9rielles que sur la prise en charge des jeunes d\u00e9tenus. Dominique Simonnot d\u00e9nonce <strong>\u00ab une violation grave des droits fondamentaux des personnes priv\u00e9es de libert\u00e9 \u00bb<\/strong>, ainsi que \u00ab de graves carences dans la prise en charge des enfants d\u00e9tenus \u00bb. Selon elle, \u00ab face au caract\u00e8re gravissime de ces constats, seule la fermeture, au moins partielle, de l\u2019\u00e9tablissement appara\u00eet de nature \u00e0 permettre son r\u00e9tablissement, au prix d\u2019une refondation int\u00e9grale de son fonctionnement \u00bb.<\/p>\n<p>Prison pour mineurs \u00e0 Marseille : des enfants laiss\u00e9s \u00ab \u00e0 l\u2019abandon \u00bb<\/p>\n<p class=\"mb-4 text-lg md:leading-8 break-words\">La contr\u00f4leuse d\u00e9crit une situation extr\u00eamement pr\u00e9occupante : \u00ab Ces enfants sont laiss\u00e9s \u00e0 l\u2019abandon, enferm\u00e9s 23h sur 24h. Il n\u2019y a <strong>plus de prof, il n\u2019y a plus de surveillants<\/strong>, il n\u2019y a plus rien \u00bb, s\u2019indigne-t-elle, appelant l\u2019administration \u00e0 donner au personnel les moyens n\u00e9cessaires pour r\u00e9pondre aux besoins \u00e9ducatifs et humains des mineurs d\u00e9tenus. Le manque criant d\u2019effectifs pousse les \u00e9quipes, pourtant investies, \u00e0 travailler dans des conditions d\u00e9grad\u00e9es, favorisant <strong>\u00ab des d\u00e9cisions arbitraires, des violences psychologiques \u00bb<\/strong>&#8230;<\/p>\n<p class=\"mb-4 text-lg md:leading-8 break-words\"><a href=\"https:\/\/www.parents.fr\/actualites\/enfant\/prison-pour-mineurs-de-marseille-un-rapport-choc-denonce-des-conditions-de-detention-inhumaines-1139347#at_medium=affiliate&amp;at_campaign=flux_rss&amp;at_type=Yahoo\" rel=\"nofollow noopener\" target=\"_blank\" data-ylk=\"slk:Lire la suite;elm:context_link;itc:0;sec:content-canvas\" class=\"link \">Lire la suite<\/a><\/p>\n","protected":false},"excerpt":{"rendered":"Le rapport publi\u00e9 ce vendredi 29 ao\u00fbt par la contr\u00f4leuse g\u00e9n\u00e9rale des lieux de privation de libert\u00e9, Dominique&hellip;\n","protected":false},"author":2,"featured_media":352979,"comment_status":"","ping_status":"","sticky":false,"template":"","format":"standard","meta":{"footnotes":""},"categories":[2814],"tags":[1111,11,48953,48952,1777,674,1011,27,884,12,26092,882,25],"class_list":{"0":"post-352978","1":"post","2":"type-post","3":"status-publish","4":"format-standard","5":"has-post-thumbnail","7":"category-marseille","8":"tag-actu","9":"tag-actualites","10":"tag-conditions-materielles","11":"tag-dominique-simonnot","12":"tag-eu","13":"tag-europe","14":"tag-fr","15":"tag-france","16":"tag-marseille","17":"tag-news","18":"tag-prison-pour-mineurs","19":"tag-provence-alpes-cote-dazur","20":"tag-republique-francaise"},"share_on_mastodon":{"url":"https:\/\/pubeurope.com\/@fr\/115114078583887327","error":""},"_links":{"self":[{"href":"https:\/\/www.europesays.com\/fr\/wp-json\/wp\/v2\/posts\/352978","targetHints":{"allow":["GET"]}}],"collection":[{"href":"https:\/\/www.europesays.com\/fr\/wp-json\/wp\/v2\/posts"}],"about":[{"href":"https:\/\/www.europesays.com\/fr\/wp-json\/wp\/v2\/types\/post"}],"author":[{"embeddable":true,"href":"https:\/\/www.europesays.com\/fr\/wp-json\/wp\/v2\/users\/2"}],"replies":[{"embeddable":true,"href":"https:\/\/www.europesays.com\/fr\/wp-json\/wp\/v2\/comments?post=352978"}],"version-history":[{"count":0,"href":"https:\/\/www.europesays.com\/fr\/wp-json\/wp\/v2\/posts\/352978\/revisions"}],"wp:featuredmedia":[{"embeddable":true,"href":"https:\/\/www.europesays.com\/fr\/wp-json\/wp\/v2\/media\/352979"}],"wp:attachment":[{"href":"https:\/\/www.europesays.com\/fr\/wp-json\/wp\/v2\/media?parent=352978"}],"wp:term":[{"taxonomy":"category","embeddable":true,"href":"https:\/\/www.europesays.com\/fr\/wp-json\/wp\/v2\/categories?post=352978"},{"taxonomy":"post_tag","embeddable":true,"href":"https:\/\/www.europesays.com\/fr\/wp-json\/wp\/v2\/tags?post=352978"}],"curies":[{"name":"wp","href":"https:\/\/api.w.org\/{rel}","templated":true}]}}