{"id":35298,"date":"2025-04-19T01:34:08","date_gmt":"2025-04-19T01:34:08","guid":{"rendered":"https:\/\/www.europesays.com\/fr\/35298\/"},"modified":"2025-04-19T01:34:08","modified_gmt":"2025-04-19T01:34:08","slug":"danse-avec-les-stars-voici-les-candidats-qui-accedent-a-la-grande-finale","status":"publish","type":"post","link":"https:\/\/www.europesays.com\/fr\/35298\/","title":{"rendered":"Danse avec les stars : voici les candidats qui acc\u00e8dent \u00e0 la grande finale"},"content":{"rendered":"<p>      R\u00e9sum\u00e9<\/p>\n<p>La demi-finale de Danse avec les stars a offert un spectacle de haute vol\u00e9e o\u00f9 cinq c\u00e9l\u00e8bres bin\u00f4mes se sont affront\u00e9s pour d\u00e9crocher leur place en finale, mais seuls trois ont r\u00e9ussi \u00e0 se qualifier pour l&rsquo;ultime \u00e9preuve.<\/p>\n<p>        Sommaire<\/p>\n<p>Ce vendredi 18 avril 2025, TF1 a offert aux t\u00e9l\u00e9spectateurs <strong>une demi-finale de <a href=\"https:\/\/www.public.fr\/tag\/danse-avec-les-stars\" rel=\"nofollow noopener\" target=\"_blank\">Danse avec les stars<\/a> pleine de tension, de glamour et de performances incroyables<\/strong>.\u00a0<\/p>\n<p>Le niveau \u00e9tait particuli\u00e8rement \u00e9lev\u00e9, et les cinq duos encore en comp\u00e9tition ont tout donn\u00e9 sur la piste pour esp\u00e9rer d\u00e9crocher leur place en finale. Et le moins que l\u2019on puisse dire, c\u2019est que chacun a su faire vibrer le parquet \u00e0 sa mani\u00e8re.<\/p>\n<p>Danse avec les stars : des duos \u00e0 couper le souffle <\/p>\n<p>Parmi les couples encore en lice, <strong><a href=\"https:\/\/www.public.fr\/tag\/florent-manaudou\" rel=\"nofollow noopener\" target=\"_blank\">Florent Manaudou<\/a> et Elsa Bois<\/strong> ont livr\u00e9 une prestation ultra ma\u00eetris\u00e9e sur un cha-cha enjou\u00e9 et pr\u00e9cis, chor\u00e9graphi\u00e9 sur le tube disco You Should Be Dancing des Bee Gees. Le champion olympique, plus d\u00e9termin\u00e9 que jamais, a impressionn\u00e9 le jury par sa progression fulgurante au fil des semaines. Avec Elsa, il a su allier technicit\u00e9 et fun.<\/p>\n<p>De son c\u00f4t\u00e9, <strong>Mayane<\/strong>, toujours accompagn\u00e9e du charismatique <strong>Christophe Licata<\/strong>, a bluff\u00e9 tout le monde avec une performance sensible et \u00e9l\u00e9gante. Leur interpr\u00e9tation a touch\u00e9 en plein c\u0153ur, mais malgr\u00e9 les louanges des jur\u00e9s, le duo a termin\u00e9 en zone rouge.<\/p>\n<p><strong>L\u00e9nie et Jordan Mouillerac<\/strong>, quant \u00e0 eux, ont litt\u00e9ralement fait sensation. La jeune chanteuse s\u2019est transform\u00e9e sur sc\u00e8ne en v\u00e9ritable ic\u00f4ne en livrant une chor\u00e9graphie intense sur un titre de Myl\u00e8ne Farmer. Une prestation hypnotisante et parfaitement ex\u00e9cut\u00e9e, qui a conquis le public comme les jur\u00e9s.<\/p>\n<p><strong>Jungeli et In\u00e8s Vandamme<\/strong> n\u2019ont pas \u00e9t\u00e9 en reste, mettant le feu au plateau avec une danse survolt\u00e9e et bourr\u00e9e d\u2019\u00e9nergie. Enfin, <strong>Adil Rami et Ana Riera<\/strong> ont jou\u00e9 la carte de l\u2019\u00e9motion, proposant un tableau particuli\u00e8rement touchant.<\/p>\n<p>Et les \u00e9limin\u00e9s sont&#8230;<\/p>\n<p>Les cinq bin\u00f4mes ont livr\u00e9 un v\u00e9ritable show, mais comme toujours, la comp\u00e9tition a \u00e9t\u00e9 impitoyable. Deux couples ont \u00e9t\u00e9 \u00e9limin\u00e9s \u00e0 l\u2019issue de cette soir\u00e9e riche en rebondissements : <strong>Mayane et Christophe Licata<\/strong> ainsi que <strong>Jungeli et In\u00e8s Vandamme<\/strong> ont vu leur aventure s\u2019arr\u00eater aux portes de la finale, malgr\u00e9 un parcours exemplaire.<\/p>\n<p>En revanche, <strong>L\u00e9nie et Jordan Mouillerac<\/strong>, <strong>Adil Rami et Ana Riera<\/strong> ainsi que <strong>Florent Manaudou et Elsa Bois<\/strong> ont r\u00e9ussi \u00e0 se qualifier pour la grande finale de Danse avec les stars, qui s\u2019annonce d\u2019ores et d\u00e9j\u00e0 \u00e9pique. Qui soul\u00e8vera le fameux troph\u00e9e cette ann\u00e9e ? Verdict tr\u00e8s bient\u00f4t sur TF1.<\/p>\n<p>      Mentionn\u00e9s dans cet article<\/p>\n<p>\u00c0 lire aussi<\/p>\n","protected":false},"excerpt":{"rendered":"R\u00e9sum\u00e9 La demi-finale de Danse avec les stars a offert un spectacle de haute vol\u00e9e o\u00f9 cinq c\u00e9l\u00e8bres&hellip;\n","protected":false},"author":2,"featured_media":35299,"comment_status":"","ping_status":"","sticky":false,"template":"","format":"standard","meta":{"footnotes":""},"categories":[2],"tags":[11,194,2396,1011,27,12,199],"class_list":{"0":"post-35298","1":"post","2":"type-post","3":"status-publish","4":"format-standard","5":"has-post-thumbnail","7":"category-actualites","8":"tag-actualites","9":"tag-danse-avec-les-stars","10":"tag-finale","11":"tag-fr","12":"tag-france","13":"tag-news","14":"tag-tf1"},"share_on_mastodon":{"url":"https:\/\/pubeurope.com\/@fr\/114362060885359685","error":""},"_links":{"self":[{"href":"https:\/\/www.europesays.com\/fr\/wp-json\/wp\/v2\/posts\/35298","targetHints":{"allow":["GET"]}}],"collection":[{"href":"https:\/\/www.europesays.com\/fr\/wp-json\/wp\/v2\/posts"}],"about":[{"href":"https:\/\/www.europesays.com\/fr\/wp-json\/wp\/v2\/types\/post"}],"author":[{"embeddable":true,"href":"https:\/\/www.europesays.com\/fr\/wp-json\/wp\/v2\/users\/2"}],"replies":[{"embeddable":true,"href":"https:\/\/www.europesays.com\/fr\/wp-json\/wp\/v2\/comments?post=35298"}],"version-history":[{"count":0,"href":"https:\/\/www.europesays.com\/fr\/wp-json\/wp\/v2\/posts\/35298\/revisions"}],"wp:featuredmedia":[{"embeddable":true,"href":"https:\/\/www.europesays.com\/fr\/wp-json\/wp\/v2\/media\/35299"}],"wp:attachment":[{"href":"https:\/\/www.europesays.com\/fr\/wp-json\/wp\/v2\/media?parent=35298"}],"wp:term":[{"taxonomy":"category","embeddable":true,"href":"https:\/\/www.europesays.com\/fr\/wp-json\/wp\/v2\/categories?post=35298"},{"taxonomy":"post_tag","embeddable":true,"href":"https:\/\/www.europesays.com\/fr\/wp-json\/wp\/v2\/tags?post=35298"}],"curies":[{"name":"wp","href":"https:\/\/api.w.org\/{rel}","templated":true}]}}