{"id":352980,"date":"2025-08-29T21:03:12","date_gmt":"2025-08-29T21:03:12","guid":{"rendered":"https:\/\/www.europesays.com\/fr\/352980\/"},"modified":"2025-08-29T21:03:12","modified_gmt":"2025-08-29T21:03:12","slug":"ce-qui-vous-attend-pour-cette-rentree-dans-lacademie-de-lyon","status":"publish","type":"post","link":"https:\/\/www.europesays.com\/fr\/352980\/","title":{"rendered":"ce qui vous attend pour cette rentr\u00e9e dans l\u2019acad\u00e9mie de Lyon"},"content":{"rendered":"<p>                            Y aura-t-il un prof devant chaque \u00e9l\u00e8ve\u00a0?<\/p>\n<p>Anne Bisagni-Faure, rectrice de l\u2019acad\u00e9mie de Lyon (Rh\u00f4ne-Loire-Ain) est optimiste pour cette rentr\u00e9e\u00a0: \u00ab\u00a0Je veux rassurer, la situation est favorable dans le premier comme le second degr\u00e9. Il y aura bien un professeur des \u00e9coles devant chaque classe. Dans le second degr\u00e9, les titulaires, les stagiaires sont tous affect\u00e9s depuis le mois de juillet\u00a0\u00bb. N\u00e9anmoins, \u00ab\u00a0des situations ponctuelles\u00a0\u00bb pourraient avoir lieu \u00ab\u00a0dans quelques territoires ou disciplines\u00a0\u00bb, a reconnu la rectrice.<\/p>\n<p>La baisse de la d\u00e9mographie se poursuit dans notre acad\u00e9mie dans le 1er degr\u00e9 (- 2\u00a0% ) et s\u2019accompagne de suppressions de postes de professeurs. \u00ab\u00a0On maintient les moyens dans la Loire, on fait +\u00a020 dans l\u2019Ain et &#8211; 83 dans le Rh\u00f4ne, qui est le d\u00e9partement qui conna\u00eet la plus grosse baisse d\u00e9mographique\u00a0\u00bb, a rappel\u00e9 la rectrice.<\/p>\n<p>Si d\u00e9but 2025, parents d\u2019\u00e9l\u00e8ves et syndicats enseignants s\u2019\u00e9taient mobilis\u00e9s pour d\u00e9noncer cette situation et des fermetures de classes (une&#8230;<\/p>\n","protected":false},"excerpt":{"rendered":"Y aura-t-il un prof devant chaque \u00e9l\u00e8ve\u00a0? Anne Bisagni-Faure, rectrice de l\u2019acad\u00e9mie de Lyon (Rh\u00f4ne-Loire-Ain) est optimiste pour&hellip;\n","protected":false},"author":2,"featured_media":352981,"comment_status":"","ping_status":"","sticky":false,"template":"","format":"standard","meta":{"footnotes":""},"categories":[1889],"tags":[1111,11,2738,2430,3599,2757,1057,1777,674,107,1011,27,3367,2428,2756,12,25,2429,3151],"class_list":{"0":"post-352980","1":"post","2":"type-post","3":"status-publish","4":"format-standard","5":"has-post-thumbnail","7":"category-lyon","8":"tag-actu","9":"tag-actualites","10":"tag-ain","11":"tag-auvergne-rhone-alpes","12":"tag-college-lycee","13":"tag-edition-lyon-villeurbanne","14":"tag-education","15":"tag-eu","16":"tag-europe","17":"tag-fil-info","18":"tag-fr","19":"tag-france","20":"tag-loire","21":"tag-lyon","22":"tag-lyon-bassin","23":"tag-news","24":"tag-republique-francaise","25":"tag-rhone","26":"tag-selection-de-la-redaction-69"},"share_on_mastodon":{"url":"https:\/\/pubeurope.com\/@fr\/115114082508079137","error":""},"_links":{"self":[{"href":"https:\/\/www.europesays.com\/fr\/wp-json\/wp\/v2\/posts\/352980","targetHints":{"allow":["GET"]}}],"collection":[{"href":"https:\/\/www.europesays.com\/fr\/wp-json\/wp\/v2\/posts"}],"about":[{"href":"https:\/\/www.europesays.com\/fr\/wp-json\/wp\/v2\/types\/post"}],"author":[{"embeddable":true,"href":"https:\/\/www.europesays.com\/fr\/wp-json\/wp\/v2\/users\/2"}],"replies":[{"embeddable":true,"href":"https:\/\/www.europesays.com\/fr\/wp-json\/wp\/v2\/comments?post=352980"}],"version-history":[{"count":0,"href":"https:\/\/www.europesays.com\/fr\/wp-json\/wp\/v2\/posts\/352980\/revisions"}],"wp:featuredmedia":[{"embeddable":true,"href":"https:\/\/www.europesays.com\/fr\/wp-json\/wp\/v2\/media\/352981"}],"wp:attachment":[{"href":"https:\/\/www.europesays.com\/fr\/wp-json\/wp\/v2\/media?parent=352980"}],"wp:term":[{"taxonomy":"category","embeddable":true,"href":"https:\/\/www.europesays.com\/fr\/wp-json\/wp\/v2\/categories?post=352980"},{"taxonomy":"post_tag","embeddable":true,"href":"https:\/\/www.europesays.com\/fr\/wp-json\/wp\/v2\/tags?post=352980"}],"curies":[{"name":"wp","href":"https:\/\/api.w.org\/{rel}","templated":true}]}}