{"id":352982,"date":"2025-08-29T21:04:15","date_gmt":"2025-08-29T21:04:15","guid":{"rendered":"https:\/\/www.europesays.com\/fr\/352982\/"},"modified":"2025-08-29T21:04:15","modified_gmt":"2025-08-29T21:04:15","slug":"a-lyon-la-veuve-de-gerard-collomb-sinquiete-de-la-transmission-de-son-microparti-a-jean-michel-aulas","status":"publish","type":"post","link":"https:\/\/www.europesays.com\/fr\/352982\/","title":{"rendered":"A Lyon, la veuve de G\u00e9rard Collomb s\u2019inqui\u00e8te de la transmission de son microparti \u00e0 Jean-Michel Aulas"},"content":{"rendered":"<p>                         <img loading=\"lazy\" decoding=\"async\" src=\"https:\/\/www.europesays.com\/fr\/wp-content\/uploads\/2025\/08\/f4589b7_upload-1-zf4uftuqs4z1-maxnewsworldfour563563.jpg\" alt=\"Caroline Collomb, lors de la la premi\u00e8re r\u00e9union de l'association Prendre un temps d\u2019avance, lanc\u00e9e par l\u2019ancien maire de Lyon et ministre de l\u2019int\u00e9rieur G\u00e9rard Collomb, \u00e0 Lyon, le 7\u00a0juillet\u00a02018.\"   width=\"664\" height=\"443\"\/>    Caroline Collomb, lors de la la premi\u00e8re r\u00e9union de l&rsquo;association Prendre un temps d\u2019avance, lanc\u00e9e par l\u2019ancien maire de Lyon et ministre de l\u2019int\u00e9rieur G\u00e9rard Collomb, \u00e0 Lyon, le 7\u00a0juillet\u00a02018.  MAXIME JEGAT\/\u00ab LE PROGRES \u00bb\/MAXPPP                 <\/p>\n<p class=\"article__paragraph  \">L\u2019\u00e9pisode pourra inspirer Guignol, traditionnel personnage lyonnais prompt \u00e0 caricaturer le th\u00e9\u00e2tre politique. Inqui\u00e8te de l\u2019utilisation du microparti fond\u00e9 par son mari par Jean-Michel Aulas \u2013 probable candidat au fauteuil de maire de Lyon en mars\u00a02026 \u2013, Caroline Collomb \u2013 veuve de l\u2019ancien maire de Lyon et ministre de l\u2019int\u00e9rieur G\u00e9rard Collomb \u2013 a saisi la commission nationale des comptes de campagne, jeudi 28\u00a0ao\u00fbt, afin de demander le retrait de l\u2019agr\u00e9ment de l\u2019association Prendre un temps d\u2019avance.<\/p>\n<p class=\"article__paragraph  \">Ce microparti avait \u00e9t\u00e9 cr\u00e9\u00e9 en\u00a02018 par son mari, en vue de promouvoir et financer sa campagne \u00e9lectorale, alors qu\u2019il sollicitait un quatri\u00e8me mandat de maire. \u00ab\u00a0Caroline Collomb a \u00e9t\u00e9 tr\u00e8s choqu\u00e9e d\u2019apprendre par la presse que cette structure avait \u00e9t\u00e9 transmise \u00e0 Jean-Michel Aulas, sans qu\u2019elle ne soit pr\u00e9venue \u00e0 aucun moment, et elle s\u2019est inqui\u00e9t\u00e9e de continuer \u00e0 recevoir chez elle du courrier adress\u00e9 \u00e0 cette association, comme si son mari d\u00e9funt continuait \u00e0 la pr\u00e9sider\u00a0! Elle ne veut pas interf\u00e9rer dans la campagne \u00e9lectorale qui s\u2019annonce, elle veut juste s\u2019assurer que les r\u00e8gles de l\u2019Etat de droit sont bien respect\u00e9es\u00a0\u00bb, explique Anne-Sophie Chavent-Lecl\u00e8re, avocate qui assiste Caroline Collomb dans ses d\u00e9marches. Invoquant son devoir de r\u00e9serve de magistrate administrative, la veuve de l\u2019ancien maire de Lyon se refuse \u00e0 tout contact direct avec les journalistes, les \u00e9lus ou les candidats.<\/p>\n<p class=\"reading-mode-only \"><strong>Il vous reste 64.85% de cet article \u00e0 lire. La suite est r\u00e9serv\u00e9e aux abonn\u00e9s.<\/strong><\/p>\n","protected":false},"excerpt":{"rendered":"Caroline Collomb, lors de la la premi\u00e8re r\u00e9union de l&rsquo;association Prendre un temps d\u2019avance, lanc\u00e9e par l\u2019ancien maire&hellip;\n","protected":false},"author":2,"featured_media":352983,"comment_status":"","ping_status":"","sticky":false,"template":"","format":"standard","meta":{"footnotes":""},"categories":[1889],"tags":[1111,11,2430,1777,674,1011,27,2428,12,25],"class_list":{"0":"post-352982","1":"post","2":"type-post","3":"status-publish","4":"format-standard","5":"has-post-thumbnail","7":"category-lyon","8":"tag-actu","9":"tag-actualites","10":"tag-auvergne-rhone-alpes","11":"tag-eu","12":"tag-europe","13":"tag-fr","14":"tag-france","15":"tag-lyon","16":"tag-news","17":"tag-republique-francaise"},"share_on_mastodon":{"url":"https:\/\/pubeurope.com\/@fr\/115114086563749953","error":""},"_links":{"self":[{"href":"https:\/\/www.europesays.com\/fr\/wp-json\/wp\/v2\/posts\/352982","targetHints":{"allow":["GET"]}}],"collection":[{"href":"https:\/\/www.europesays.com\/fr\/wp-json\/wp\/v2\/posts"}],"about":[{"href":"https:\/\/www.europesays.com\/fr\/wp-json\/wp\/v2\/types\/post"}],"author":[{"embeddable":true,"href":"https:\/\/www.europesays.com\/fr\/wp-json\/wp\/v2\/users\/2"}],"replies":[{"embeddable":true,"href":"https:\/\/www.europesays.com\/fr\/wp-json\/wp\/v2\/comments?post=352982"}],"version-history":[{"count":0,"href":"https:\/\/www.europesays.com\/fr\/wp-json\/wp\/v2\/posts\/352982\/revisions"}],"wp:featuredmedia":[{"embeddable":true,"href":"https:\/\/www.europesays.com\/fr\/wp-json\/wp\/v2\/media\/352983"}],"wp:attachment":[{"href":"https:\/\/www.europesays.com\/fr\/wp-json\/wp\/v2\/media?parent=352982"}],"wp:term":[{"taxonomy":"category","embeddable":true,"href":"https:\/\/www.europesays.com\/fr\/wp-json\/wp\/v2\/categories?post=352982"},{"taxonomy":"post_tag","embeddable":true,"href":"https:\/\/www.europesays.com\/fr\/wp-json\/wp\/v2\/tags?post=352982"}],"curies":[{"name":"wp","href":"https:\/\/api.w.org\/{rel}","templated":true}]}}