{"id":352990,"date":"2025-08-29T21:08:14","date_gmt":"2025-08-29T21:08:14","guid":{"rendered":"https:\/\/www.europesays.com\/fr\/352990\/"},"modified":"2025-08-29T21:08:14","modified_gmt":"2025-08-29T21:08:14","slug":"la-politique-anti-voiture-danne-hidalgo-ne-fait-pas-que-des-heureux-dans-le-marais-a-paris","status":"publish","type":"post","link":"https:\/\/www.europesays.com\/fr\/352990\/","title":{"rendered":"La politique anti-voiture d&rsquo;Anne Hidalgo ne fait pas que des heureux dans le Marais \u00e0 Paris"},"content":{"rendered":"<p class=\"mb-4 text-lg md:leading-8 break-words\">Dans les rues \u00e9troites du Marais, on a presque du mal \u00e0 croire les chiffres. Le trafic automobile s&rsquo;est effondr\u00e9 en deux ans. <b>Une baisse spectaculaire, jamais vue dans ce quartier<\/b> pourtant habitu\u00e9 aux flux de visiteurs, de taxis et de livreurs.<\/p>\n<p class=\"mb-4 text-lg md:leading-8 break-words\">Entre f\u00e9vrier 2023 et mai 2025, le nombre de voitures a \u00e9t\u00e9 divis\u00e9 par dix selon les derniers relev\u00e9s. Pour certains, <b>c&rsquo;est une r\u00e9volution \u00e9cologique et sociale<\/b>. Pour d&rsquo;autres, un d\u00e9sastre \u00e9conomique. Le contraste est frappant, et les r\u00e9actions sont tranch\u00e9es.<\/p>\n<p><b>Les habitants respirent enfin dans le Marais<\/b><\/p>\n<p class=\"mb-4 text-lg md:leading-8 break-words\">Ce sont d&rsquo;abord les riverains qui se disent soulag\u00e9s. Plusieurs t\u00e9moignent d&rsquo;un quotidien transform\u00e9, avec moins de bruit et moins de pollution. Une habitante du quartier racontait ainsi : \u00ab On n&rsquo;a jamais connu \u00e7a, on respire enfin \u00bb. Le comptage rue Notre-Dame-de-Nazareth illustre bien cette chute : <b>375 v\u00e9hicules par jour seulement<\/b>, contre 3 770 il y a encore deux ans. Un changement radical, confirm\u00e9 aussi rue de Bretagne ou rue du Temple. Les chiffres ne mentent pas, et ils donnent un visage concret \u00e0 cette mutation. <a href=\"https:\/\/www.autoplus.fr\/actualite\/pic-de-pollution-a-paris-les-recommandations-a-suivre-si-vous-prenez-la-voiture-1385884.html\" rel=\"nofollow noopener\" target=\"_blank\" data-ylk=\"slk:Les trottoirs sont devenus plus calmes;elm:context_link;itc:0;sec:content-canvas\" class=\"link \">Les trottoirs sont devenus plus calmes<\/a>, les familles marchent plus tranquillement. Certains enfants peuvent m\u00eame faire du v\u00e9lo sans que les parents soient constamment sur le qui-vive.<\/p>\n<p class=\"mb-4 text-lg md:leading-8 break-words\"><iframe loading=\"lazy\" title=\"Visite du Marais \u00e0 Paris\" width=\"1200\" height=\"675\" src=\"https:\/\/www.youtube.com\/embed\/jn9ssbxT0SU?feature=oembed\" frameborder=\"0\" allow=\"accelerometer; autoplay; clipboard-write; encrypted-media; gyroscope; picture-in-picture; web-share\" referrerpolicy=\"strict-origin-when-cross-origin\" allowfullscreen><\/iframe><\/p>\n<p class=\"mb-4 text-lg md:leading-8 break-words\">D&rsquo;apr\u00e8s Le Parisien, le niveau de stress a, lui aussi, baiss\u00e9. Des accidents, il y en a beaucoup moins. <a href=\"https:\/\/www.autoplus.fr\/actualite\/paris-zone-trafic-limite-1323498.html\" rel=\"nofollow noopener\" target=\"_blank\" data-ylk=\"slk:La zone \u00e0 trafic limit\u00e9;elm:context_link;itc:0;sec:content-canvas\" class=\"link \">La zone \u00e0 trafic limit\u00e9<\/a>, mise en place par la mairie, a donc produit exactement ce qu&rsquo;elle promettait. Une r\u00e9duction massive de la circulation. Et avec cette baisse, c&rsquo;est la qualit\u00e9 de vie qui a&#8230;<a href=\"https:\/\/www.autoplus.fr\/actualite\/insolite\/la-politique-anti-voiture-danne-hidalgo-ne-fait-pas-que-des-heureux-dans-le-marais-a-paris-1395722.html\" rel=\"nofollow noopener\" target=\"_blank\" data-ylk=\"slk:Lire la suite sur Autoplus;elm:context_link;itc:0;sec:content-canvas\" class=\"link \">Lire la suite sur Autoplus<\/a><\/p>\n","protected":false},"excerpt":{"rendered":"Dans les rues \u00e9troites du Marais, on a presque du mal \u00e0 croire les chiffres. Le trafic automobile&hellip;\n","protected":false},"author":2,"featured_media":352991,"comment_status":"","ping_status":"","sticky":false,"template":"","format":"standard","meta":{"footnotes":""},"categories":[1888],"tags":[1111,1928,11,1927,1777,674,1011,27,24797,12,1926,626,1925,25,48955,48956,48954],"class_list":{"0":"post-352990","1":"post","2":"type-post","3":"status-publish","4":"format-standard","5":"has-post-thumbnail","7":"category-paris","8":"tag-actu","9":"tag-actu-paris","10":"tag-actualites","11":"tag-actualites-paris","12":"tag-eu","13":"tag-europe","14":"tag-fr","15":"tag-france","16":"tag-le-marais","17":"tag-news","18":"tag-news-paris","19":"tag-paris","20":"tag-paris-news","21":"tag-republique-francaise","22":"tag-rue-de-bretagne","23":"tag-rue-du-temple","24":"tag-trafic-automobile"},"share_on_mastodon":{"url":"https:\/\/pubeurope.com\/@fr\/115114102127201622","error":""},"_links":{"self":[{"href":"https:\/\/www.europesays.com\/fr\/wp-json\/wp\/v2\/posts\/352990","targetHints":{"allow":["GET"]}}],"collection":[{"href":"https:\/\/www.europesays.com\/fr\/wp-json\/wp\/v2\/posts"}],"about":[{"href":"https:\/\/www.europesays.com\/fr\/wp-json\/wp\/v2\/types\/post"}],"author":[{"embeddable":true,"href":"https:\/\/www.europesays.com\/fr\/wp-json\/wp\/v2\/users\/2"}],"replies":[{"embeddable":true,"href":"https:\/\/www.europesays.com\/fr\/wp-json\/wp\/v2\/comments?post=352990"}],"version-history":[{"count":0,"href":"https:\/\/www.europesays.com\/fr\/wp-json\/wp\/v2\/posts\/352990\/revisions"}],"wp:featuredmedia":[{"embeddable":true,"href":"https:\/\/www.europesays.com\/fr\/wp-json\/wp\/v2\/media\/352991"}],"wp:attachment":[{"href":"https:\/\/www.europesays.com\/fr\/wp-json\/wp\/v2\/media?parent=352990"}],"wp:term":[{"taxonomy":"category","embeddable":true,"href":"https:\/\/www.europesays.com\/fr\/wp-json\/wp\/v2\/categories?post=352990"},{"taxonomy":"post_tag","embeddable":true,"href":"https:\/\/www.europesays.com\/fr\/wp-json\/wp\/v2\/tags?post=352990"}],"curies":[{"name":"wp","href":"https:\/\/api.w.org\/{rel}","templated":true}]}}