{"id":352999,"date":"2025-08-29T21:15:36","date_gmt":"2025-08-29T21:15:36","guid":{"rendered":"https:\/\/www.europesays.com\/fr\/352999\/"},"modified":"2025-08-29T21:15:36","modified_gmt":"2025-08-29T21:15:36","slug":"demission-guerre-en-ukraine-poutine-trump-ce-quil-faut-retenir-de-la-conference-de-presse-de-macron","status":"publish","type":"post","link":"https:\/\/www.europesays.com\/fr\/352999\/","title":{"rendered":"D\u00e9mission, guerre en Ukraine, Poutine, Trump\u2026 Ce qu\u2019il faut retenir de la conf\u00e9rence de presse de Macron"},"content":{"rendered":"<p>      <img fetchpriority=\"high\" decoding=\"async\" class=\"mx-auto\" src=\"data:image\/svg+xml,%3Csvg%20xmlns%3D%27http%3A%2F%2Fwww.w3.org%2F2000%2Fsvg%27%20fill%3D%22%23e4e4e4%22%20viewBox%3D%270%200%20510%20340%27%20width%3D%22510%22%20height%3D%22340%22%3E%3Cpath%20d%3D%27M0%200h510v340H0z%27%2F%3E%3C%2Fsvg%3E\"  loading=\"eager\" width=\"510\" height=\"340\" data-oncrawl-image-size=\"510x340\" alt=\"Emmanuel Macron lors d\u2019une conf\u00e9rence de presse \u00e0 Toulon, le 29\u00a0ao\u00fbt 2025. \"\/>      <\/p>\n<p class=\"latino-100m text-grey-600\">\n            Emmanuel Macron lors d\u2019une conf\u00e9rence de presse \u00e0 Toulon, le 29\u00a0ao\u00fbt 2025. \u00a0MANON CRUZ \/ AFP        <\/p>\n<p>        Lire\u00a0plus\u00a0tard      <\/p>\n<p><a aria-label=\"Nous suivre sur Google News\" href=\"https:\/\/news.google.com\/publications\/CAAqBwgKMJe4nQkw3dFs?hl=fr&amp;gl=FR&amp;ceid=FR%3Afr\" target=\"_blank\" data-piano=\"Page_Article,Sous_date_publi,Nous_suivre_sur_google_news,1er_clic,action\" class=\"btn btn--small btn--tertiary btn--icon-only\" rel=\"noopener\"><\/p>\n<p>      Google Actualit\u00e9s<br \/>\n  <\/a><\/p>\n<p>  Partager<\/p>\n<p>        Facebook<\/p>\n<p>        Bluesky<\/p>\n<p>        E-mail<\/p>\n<p>        Copier le lien<\/p>\n<p>      Envoyer<\/p>\n<p>      S\u2019abonner    <\/p>\n<p class=\"node__paragraphe antonia-750r text-grey-800 pb-24 pb-md-30\">\n<a href=\"https:\/\/www.nouvelobs.com\/politique\/20250829.OBS107145\/ecologistes-ps-lfi-rn-qui-ira-rencontrer-bayrou-a-matignon-lundi-et-pourquoi-faire.html\" target=\"_blank\" rel=\"noopener\">Blocage politique<\/a> en France, <a href=\"https:\/\/www.nouvelobs.com\/monde\/20250828.OBS107109\/guerre-en-ukraine-au-moins-huit-morts-a-kiev-dans-une-importante-attaque-russe.html\" target=\"_blank\" rel=\"noopener\">guerre en Ukraine<\/a>, rapport de force avec Donald Trump\u2026 Le pr\u00e9sident fran\u00e7ais Emmanuel Macron a tenu ce vendredi 29\u00a0ao\u00fbt une conf\u00e9rence de presse en compagnie du chancelier allemand Friedrich Merz. \u00ab\u00a0Le Nouvel Obs\u00a0\u00bb fait le point sur ce qu\u2019il faut retenir.<\/p>\n<p>\u2022 Macron ne d\u00e9missionnera pas<\/p>\n<p class=\"node__paragraphe antonia-750r text-grey-800 pb-24 pb-md-30\">\nQuelle que soit l\u2019issue du vote de confiance <a href=\"https:\/\/www.nouvelobs.com\/politique\/20250829.OBS107145\/ecologistes-ps-lfi-rn-qui-ira-rencontrer-bayrou-a-matignon-lundi-et-pourquoi-faire.html\" target=\"_blank\" rel=\"noopener\">demand\u00e9 par Fran\u00e7ois Bayrou<\/a> le 8\u00a0septembre, Emmanuel Macron a assur\u00e9 ce vendredi 29\u00a0ao\u00fbt qu\u2019il entend \u00ab\u00a0exercer jusqu\u2019\u00e0 son terme\u00a0\u00bb le \u00ab\u00a0mandat qui (lui) a \u00e9t\u00e9 confi\u00e9 par les Fran\u00e7ais\u00a0\u00bb. \u00ab\u00a0La d\u00e9mocratie consiste \u00e0 ce que des gens votent pour un mandat donn\u00e9 (\u2026) n\u2019en d\u00e9plaise y compris \u00e0 ceux qui ont \u00e9t\u00e9 d\u00e9faits \u00e0 plusieurs reprises lors de ces m\u00eames \u00e9lections\u00a0\u00bb, a d\u00e9clar\u00e9 le chef de l\u2019Etat. Refusant de faire \u00ab\u00a0de la politique-fiction\u00a0\u00bb sur une \u00e9ventuelle nouvelle dissolution, Emmanuel Macron a estim\u00e9 que son Premier ministre \u00e9tait face \u00e0 \u00ab\u00a0un d\u00e9fi qui n\u2019est pas insurmontable\u00a0\u00bb et appel\u00e9 les forces politiques \u00e0 trouver \u00ab\u00a0des chemins d\u2019accord\u00a0\u00bb sur le budget.<\/p>\n<p class=\"latino-500b text-grey-600 pb-16\">A lire aussi<\/p>\n<p><a href=\"https:\/\/www.nouvelobs.com\/politique\/20250826.OBS107067\/il-y-a-une-attente-meme-s-il-n-y-a-plus-d-espoir-de-lfi-au-ps-la-gauche-se-divise-sur-les-scenarios-de-l-apres-bayrou.html\" data-article-key=\"20250826.OBS107067\" class=\"link--box flex-grow-1\" data-piano=\"Page_Article,Lire_aussi,,Lien1,navigation\" target=\"_blank\" rel=\"noopener\"><\/p>\n<p>                <img decoding=\"async\" src=\"data:image\/svg+xml,%3Csvg%20xmlns%3D%27http%3A%2F%2Fwww.w3.org%2F2000%2Fsvg%27%20fill%3D%22%23e4e4e4%22%20viewBox%3D%270%200%20120%2080%27%20width%3D%22120%22%20height%3D%2280%22%3E%3Cpath%20d%3D%27M0%200h120v80H0z%27%2F%3E%3C%2Fsvg%3E\"  width=\"120\" height=\"80\" loading=\"lazy\" alt=\"Devant, de gauche \u00e0 droite\u00a0: Manuel Bompard (LFI), Marine Tondelier (Les Ecologistes), Lucie Castets, Olivier Faure (PS) et Fabien Roussel (PCF), au palais de l\u2019Elys\u00e9e, \u00e0 Paris, le 23\u00a0ao\u00fbt 2024.\"\/><\/p>\n<p class=\"latino-300r latino-lg-600m text-grey-800\">\n                      <strong class=\"latino-300b latino-lg-600m text-grey-500\">Analyse\u00a0<\/strong><br \/>\n                    \u00ab\u00a0Il y a une attente, m\u00eame s\u2019il n\u2019y a plus d\u2019espoir\u00a0\u00bb\u00a0: de LFI au PS, la gauche se divise sur les sc\u00e9narios de l\u2019apr\u00e8s-Bayrou        <\/p>\n<p><\/a><\/p>\n<p>\u2022 Sans sommet avec Zelensky d\u2019ici \u00e0 lundi, Poutine se \u00ab\u00a0sera jou\u00e9\u00a0\u00bb de Trump<\/p>\n<p class=\"node__paragraphe antonia-750r text-grey-800 pb-24 pb-md-30\">\nSi le chef de l\u2019Etat russe ne rencontre pas s<a href=\"https:\/\/www.nouvelobs.com\/monde\/20250822.OBS106938\/la-russie-assure-qu-il-n-y-a-pas-de-rencontre-prevue-entre-poutine-et-zelensky.html\" target=\"_blank\" rel=\"noopener\">on homologue ukrainien Volodymyr Zelensky<\/a> d\u2019ici lundi comme <a href=\"https:\/\/www.nouvelobs.com\/monde\/20250819.OBS106844\/guerre-en-ukraine-ce-qu-il-faut-retenir-de-la-reunion-de-washington.html\" target=\"_blank\" rel=\"noopener\">demand\u00e9 par Donald Trump<\/a>, \u00ab\u00a0cela voudra dire que le pr\u00e9sident Poutine se sera jou\u00e9 du pr\u00e9sident Trump\u00a0\u00bb, a estim\u00e9 Emmanuel Macron. Si cette r\u00e9union bilat\u00e9rale \u00ab\u00a0\u00e0 laquelle le pr\u00e9sident Poutine s\u2019est engag\u00e9 aupr\u00e8s du pr\u00e9sident Trump\u00a0\u00bb ne se d\u00e9roule pas d\u2019ici \u00e0 lundi, \u00ab\u00a0je crois qu\u2019une fois encore, \u00e7a voudra dire que le pr\u00e9sident Poutine se sera jou\u00e9 du pr\u00e9sident Trump\u00a0\u00bb et \u00ab\u00a0\u00e7a ne peut pas rester sans r\u00e9ponse\u00a0\u00bb, a-t-il fait valoir. \u00ab\u00a0Nous parlerons l\u2019un et l\u2019autre au pr\u00e9sident Trump\u00a0\u00bb ce week-end et \u00ab\u00a0si nous devions constater la semaine prochaine qu\u2019une fois encore, apr\u00e8s des mois de promesses non tenues, ce n\u2019\u00e9tait pas le cas, nous plaiderions tr\u00e8s clairement pour que des sanctions primaires et secondaires soient prises\u00a0\u00bb <a href=\"https:\/\/www.nouvelobs.com\/monde\/20250828.OBS107109\/guerre-en-ukraine-au-moins-huit-morts-a-kiev-dans-une-importante-attaque-russe.html\" target=\"_blank\" rel=\"noopener\">contre la Russie<\/a>, a-t-il ajout\u00e9.<\/p>\n<p class=\"latino-500b text-grey-600 pb-16\">A lire aussi<\/p>\n<p><a href=\"https:\/\/www.nouvelobs.com\/monde\/20250826.OBS107033\/josep-borrell-nous-avons-dormi-trop-longtemps-sous-le-parapluie-americain.html\" data-article-key=\"20250826.OBS107033\" class=\"link--box flex-grow-1\" data-piano=\"Page_Article,Lire_aussi,,Lien2,navigation\" target=\"_blank\" rel=\"noopener\"><\/p>\n<p>                <img decoding=\"async\" src=\"data:image\/svg+xml,%3Csvg%20xmlns%3D%27http%3A%2F%2Fwww.w3.org%2F2000%2Fsvg%27%20fill%3D%22%23e4e4e4%22%20viewBox%3D%270%200%20120%2080%27%20width%3D%22120%22%20height%3D%2280%22%3E%3Cpath%20d%3D%27M0%200h120v80H0z%27%2F%3E%3C%2Fsvg%3E\"  width=\"120\" height=\"79\" loading=\"lazy\" alt=\"Josep Borrell, alors haut repr\u00e9sentant de l\u2019Union pour les affaires \u00e9trang\u00e8res et la politique de s\u00e9curit\u00e9, participe \u00e0 une r\u00e9union avec le ministre japonais de la D\u00e9fense, Gen Nakatani (non pr\u00e9sent sur la photo), au minist\u00e8re de la D\u00e9fense \u00e0 Tokyo, le 1\u1d49\u02b3\u00a0novembre 2024.\"\/><\/p>\n<p class=\"latino-300r latino-lg-600m text-grey-800\">\n                      <strong class=\"latino-300b latino-lg-600m text-grey-500\">Entretien\u00a0<\/strong><br \/>\n                    Josep Borrell\u00a0: \u00ab\u00a0Nous avons dormi trop longtemps sous le parapluie am\u00e9ricain\u00a0\u00bb        <\/p>\n<p><\/a><\/p>\n<p>\u2022 Poutine va vers une \u00ab\u00a0d\u00e9rive autocratique\u00a0\u00bb<\/p>\n<p class=\"node__paragraphe antonia-750r text-grey-800 pb-24 pb-md-30\">\nEmmanuel Macron, qui avait qualifi\u00e9 son homologue russe Vladimir Poutine d\u2019\u00ab\u00a0ogre\u00a0\u00bb et de \u00ab\u00a0pr\u00e9dateur\u00a0\u00bb, <a href=\"https:\/\/www.nouvelobs.com\/monde\/20250307.OBS101150\/macron-qualifie-poutine-d-imperialiste-revisionniste-et-repond-a-trump-sur-la-loyaute-des-allies-de-l-otan.html\" target=\"_blank\" rel=\"noopener\">a r\u00e9fut\u00e9 toute insulte<\/a> \u00e0 son encontre et de nouveau d\u00e9nonc\u00e9 la \u00ab\u00a0d\u00e9rive autocratique\u00a0\u00bb et \u00ab\u00a0l\u2019imp\u00e9rialisme r\u00e9visionniste\u00a0\u00bb du ma\u00eetre du Kremlin. \u00ab\u00a0Quand on dit qu\u2019il y a un ogre aux portes de l\u2019Europe (\u2026), je crois que \u00e7a qualifie ce que les G\u00e9orgiens, les Ukrainiens et beaucoup d\u2019autres nations ressentent tr\u00e8s profond\u00e9ment, c\u2019est-\u00e0-dire un homme qui a d\u00e9cid\u00e9 d\u2019aller vers une d\u00e9rive autoritaire, autocratique et de mener un imp\u00e9rialisme r\u00e9visionniste\u00a0\u00bb, a-t-il d\u00e9clar\u00e9, r\u00e9pliquant aux accusations d\u2019\u00ab\u00a0insultes vulgaires\u00a0\u00bb de la diplomatie russe. \u00ab\u00a0Nous continuerons d\u2019exercer la pression pour que des sanctions suppl\u00e9mentaires soient prises par nous-m\u00eames, et nous y sommes pr\u00eats, mais aussi par les Etats-Unis d\u2019Am\u00e9rique pour forcer la Russie \u00e0 revenir autour de la table des discussions\u00a0\u00bb, a affirm\u00e9 le pr\u00e9sident.<\/p>\n<p>\u2022 Les menaces de Trump appellent une \u00ab\u00a0r\u00e9ponse des Europ\u00e9ens\u00a0\u00bb<\/p>\n<p class=\"node__paragraphe antonia-750r text-grey-800 pb-24 pb-md-30\">\nLe chef de l\u2019Etat a averti que <a href=\"https:\/\/www.nouvelobs.com\/monde\/20250826.OBS107043\/apres-les-menaces-de-trump-l-ue-rappelle-avoir-le-droit-souverain-de-reglementer-la-tech.html\" target=\"_blank\" rel=\"noopener\">les menaces de droits de douane<\/a> de Donald Trump sur le secteur num\u00e9rique seraient assimilables \u00e0 de la \u00ab\u00a0coercition\u00a0\u00bb et que les Europ\u00e9ens y r\u00e9pliqueraient. \u00ab\u00a0Si de telles mesures \u00e9taient prises, elles rel\u00e8veraient de la coercition et elles appelleraient une r\u00e9ponse des Europ\u00e9ens\u00a0\u00bb, a-t-il lanc\u00e9, promettant une position \u00ab\u00a0inflexible\u00a0\u00bb sur le sujet.<\/p>\n","protected":false},"excerpt":{"rendered":"Emmanuel Macron lors d\u2019une conf\u00e9rence de presse \u00e0 Toulon, le 29\u00a0ao\u00fbt 2025. \u00a0MANON CRUZ \/ AFP Lire\u00a0plus\u00a0tard Google&hellip;\n","protected":false},"author":2,"featured_media":353000,"comment_status":"","ping_status":"","sticky":false,"template":"","format":"standard","meta":{"footnotes":""},"categories":[1590],"tags":[17,11,13189,1073,1777,674,8290,1146,74,12,316,2405,467,220],"class_list":{"0":"post-352999","1":"post","2":"type-post","3":"status-publish","4":"format-standard","5":"has-post-thumbnail","7":"category-ukraine","8":"tag-17","9":"tag-actualites","10":"tag-demission","11":"tag-emmanuel-macron","12":"tag-eu","13":"tag-europe","14":"tag-faut","15":"tag-guerre","16":"tag-monde","17":"tag-news","18":"tag-politique","19":"tag-poutine","20":"tag-trump","21":"tag-ukraine"},"share_on_mastodon":{"url":"https:\/\/pubeurope.com\/@fr\/115114129744952343","error":""},"_links":{"self":[{"href":"https:\/\/www.europesays.com\/fr\/wp-json\/wp\/v2\/posts\/352999","targetHints":{"allow":["GET"]}}],"collection":[{"href":"https:\/\/www.europesays.com\/fr\/wp-json\/wp\/v2\/posts"}],"about":[{"href":"https:\/\/www.europesays.com\/fr\/wp-json\/wp\/v2\/types\/post"}],"author":[{"embeddable":true,"href":"https:\/\/www.europesays.com\/fr\/wp-json\/wp\/v2\/users\/2"}],"replies":[{"embeddable":true,"href":"https:\/\/www.europesays.com\/fr\/wp-json\/wp\/v2\/comments?post=352999"}],"version-history":[{"count":0,"href":"https:\/\/www.europesays.com\/fr\/wp-json\/wp\/v2\/posts\/352999\/revisions"}],"wp:featuredmedia":[{"embeddable":true,"href":"https:\/\/www.europesays.com\/fr\/wp-json\/wp\/v2\/media\/353000"}],"wp:attachment":[{"href":"https:\/\/www.europesays.com\/fr\/wp-json\/wp\/v2\/media?parent=352999"}],"wp:term":[{"taxonomy":"category","embeddable":true,"href":"https:\/\/www.europesays.com\/fr\/wp-json\/wp\/v2\/categories?post=352999"},{"taxonomy":"post_tag","embeddable":true,"href":"https:\/\/www.europesays.com\/fr\/wp-json\/wp\/v2\/tags?post=352999"}],"curies":[{"name":"wp","href":"https:\/\/api.w.org\/{rel}","templated":true}]}}