{"id":353001,"date":"2025-08-29T21:16:13","date_gmt":"2025-08-29T21:16:13","guid":{"rendered":"https:\/\/www.europesays.com\/fr\/353001\/"},"modified":"2025-08-29T21:16:13","modified_gmt":"2025-08-29T21:16:13","slug":"brigitte-et-emmanuel-macron-quelque-chose-a-cacher-ca-part-totalement-en-vrille-aux-usa","status":"publish","type":"post","link":"https:\/\/www.europesays.com\/fr\/353001\/","title":{"rendered":"Brigitte et Emmanuel Macron, \u201cquelque chose \u00e0 cacher\u201d ? \u00c7a part totalement en vrille aux USA"},"content":{"rendered":"<p data-start=\"410\" data-end=\"784\">Le week-end dernier, une affaire<br \/>\npeu commune a pris de l\u2019ampleur dans les m\u00e9dias : le pr\u00e9sident<br \/>\nfran\u00e7ais <a href=\"https:\/\/www.closermag.fr\/politique\/le-president-la-laisse-faire-dans-lentourage-demmanuel-macron-les-langues-se-delient-sur-francois-bayrou-3574182\" rel=\"nofollow noopener\" target=\"_blank\"><br \/>\nEmmanuel Macron<\/a> et son \u00e9pouse Brigitte ont d\u00e9cid\u00e9 de poursuivre<br \/>\nen justice la commentatrice am\u00e9ricaine <a href=\"https:\/\/www.closermag.fr\/politique\/brigitte-macron-en-guerre-judiciaire-aux-usa-lombre-de-marion-marechal-le-pen-planerait-au-dessus-de-sa-tete-3570862\" rel=\"nofollow noopener\" target=\"_blank\"><br \/>\nCandace Owens<\/a> <strong>pour<\/strong> <strong data-start=\"637\" data-end=\"652\">diffamation<\/strong>. Cette derni\u00e8re affirmait que<br \/>\n<a href=\"https:\/\/www.closermag.fr\/politique\/meme-si-laccusation-detre-un-homme-est-blessante-brigitte-macron-perdante-un-expert-dit-tout-3573348\" rel=\"nofollow noopener\" target=\"_blank\"><br \/>\nla Premi\u00e8re Dame<\/a> serait n\u00e9e homme, une th\u00e9orie jug\u00e9e mensong\u00e8re<br \/>\net offensante par le couple Macron.<\/p>\n<p data-start=\"786\" data-end=\"1138\">La plainte, d\u00e9pos\u00e9e dans l\u2019\u00c9tat<br \/>\ndu Delaware, \u00e9nonce pas moins de <strong data-start=\"851\" data-end=\"876\">22 chefs d\u2019accusation<\/strong>, notamment pour avoir diffus\u00e9<br \/>\nces fausses all\u00e9gations dans une s\u00e9rie de podcasts intitul\u00e9e<br \/>\nBecoming Brigitte. Selon<br \/>\nles Macron, la journaliste aurait sciemment entretenu une campagne<br \/>\nde <a href=\"https:\/\/www.closermag.fr\/politique\/brigitte-macron-cible-de-rumeurs-transphobes-donald-trump-appele-a-la-rescousse-par-emmanuel-macron-3568770\" rel=\"nofollow noopener\" target=\"_blank\"><br \/>\nd\u00e9sinformation<\/a> visant \u00e0 booster sa propre notori\u00e9t\u00e9 et sa<br \/>\nplateforme m\u00e9diatique.<\/p>\n<p>Candace Owens assure avoir<br \/>\n\u00e9t\u00e9 contact\u00e9e par Donald Trump<\/p>\n<p data-start=\"1194\" data-end=\"1459\">Dans une interview explosive<br \/>\naccord\u00e9e \u00e0 The Tucker Carlson<br \/>\nShow, Candace Owens raconte que <a href=\"https:\/\/www.closermag.fr\/politique\/donald-trump-ce-coup-de-fil-secret-passe-au-nez-et-a-la-barbe-demmanuel-macron-et-des-autres-dirigeants-3572426\" rel=\"nofollow noopener\" target=\"_blank\"><br \/>\nDonald Trump<\/a> lui aurait demand\u00e9 <strong>d\u2019arr\u00eater de parler de<br \/>\nBrigitte Macron<\/strong>. Elle d\u00e9clare : \u00ab\u00a0Emmanuel Macron est<br \/>\nvenu voir Trump\u2026 et lui a demand\u00e9 de me demander de me taire.\u00a0\u00bb<br \/>\nCandace Owens ajoute qu\u2019apr\u00e8s cette visite officielle, cens\u00e9e<br \/>\nporter sur le conflit Russie-Ukraine, l\u2019ancien pr\u00e9sident am\u00e9ricain<br \/>\nl\u2019aurait appel\u00e9e directement. \u00ab\u00a0Plusieurs heures apr\u00e8s cette<br \/>\nrencontre, j\u2019ai re\u00e7u un coup de fil. On m\u2019a transmis le message :<br \/>\n\u2018Macron veut que tu arr\u00eates.\u2019\u00a0\u00bb<\/p>\n<p data-start=\"1742\" data-end=\"2035\">Pour la commentatrice<br \/>\nam\u00e9ricaine, la sc\u00e8ne est hallucinante : un pr\u00e9sident \u00e9tranger<br \/>\ndemandant au chef de la Maison Blanche de museler un podcast.<br \/>\n\u00ab\u00a0Si c\u2019est \u00e7a qui entre dans des n\u00e9gociations internationales,<br \/>\nje me demande vraiment ce qui est vrai dans nos livres<br \/>\nd\u2019histoire\u00a0\u00bb, a-t-elle lanc\u00e9.<\/p>\n<p>Brigitte et Emmanuel Macron d\u00e9termin\u00e9s \u00e0 obtenir justice<\/p>\n<p data-start=\"2088\" data-end=\"2410\">Face \u00e0 ces attaques r\u00e9p\u00e9t\u00e9es,<br \/>\nEmmanuel Macron a lui-m\u00eame r\u00e9agi. <a href=\"https:\/\/www.closermag.fr\/politique\/emmanuel-macron-a-washington-le-president-francais-se-fait-remarquer-demblee-et-ce-nest-pas-tres-serieux-3571972\" rel=\"nofollow noopener\" target=\"_blank\"><br \/>\nLe chef de l\u2019\u00c9tat<\/a> a d\u00e9clar\u00e9 : \u00ab\u00a0Ces rumeurs sont devenues<br \/>\ntellement r\u00e9pandues aux \u00c9tats-Unis que <strong>nous avons d\u00fb<br \/>\nr\u00e9agir<\/strong>. Le principe ici, c\u2019est la v\u00e9rit\u00e9.\u00a0\u00bb Pour lui,<br \/>\nla libert\u00e9 d\u2019expression ne doit pas servir de pr\u00e9texte \u00e0 propager<br \/>\ndes mensonges destructeurs. Le couple pr\u00e9sidentiel demande des<br \/>\ndommages et int\u00e9r\u00eats punitifs et exige un proc\u00e8s devant jury. Selon<br \/>\nleurs avocats, il s\u2019agit du dernier recours, apr\u00e8s plusieurs<br \/>\ndemandes de retrait ou de rectification rest\u00e9es sans r\u00e9ponse.<\/p>\n<p data-start=\"2641\" data-end=\"2889\">Brigitte Macron,<br \/>\nhabituellement discr\u00e8te, n\u2019a pas pris la parole publiquement, mais<br \/>\nson entourage souligne qu\u2019elle vit ces accusations comme <strong>un<br \/>\nv\u00e9ritable harc\u00e8lement<\/strong>. Candace Owens, de son c\u00f4t\u00e9,<br \/>\ncontinue d\u2019affirmer qu\u2019elle n\u2019a \u00ab\u00a0rien invent\u00e9\u00a0\u00bb. En r\u00e9sum\u00e9,<br \/>\ncette affaire digne d\u2019un thriller politique s\u2019est transform\u00e9e en<br \/>\nfeuilleton m\u00e9diatique outre-Atlantique. Entre un podcast pol\u00e9mique,<br \/>\nl\u2019intervention suppos\u00e9e de Donald Trump et une action judiciaire<br \/>\nsans pr\u00e9c\u00e9dent, le couple Macron semble plus d\u00e9termin\u00e9 que jamais \u00e0<br \/>\nfaire respecter sa v\u00e9rit\u00e9.<\/p>\n","protected":false},"excerpt":{"rendered":"Le week-end dernier, une affaire peu commune a pris de l\u2019ampleur dans les m\u00e9dias : le pr\u00e9sident fran\u00e7ais&hellip;\n","protected":false},"author":2,"featured_media":353002,"comment_status":"","ping_status":"","sticky":false,"template":"","format":"standard","meta":{"footnotes":""},"categories":[1589],"tags":[11,548,986,48958,1073,73,1866,12,1864,1865,1863,308],"class_list":{"0":"post-353001","1":"post","2":"type-post","3":"status-publish","4":"format-standard","5":"has-post-thumbnail","7":"category-etats-unis","8":"tag-actualites","9":"tag-article-simple","10":"tag-brigitte-macron","11":"tag-candace-owens","12":"tag-emmanuel-macron","13":"tag-etats-unis","14":"tag-etats-unis-damerique","15":"tag-news","16":"tag-united-states","17":"tag-united-states-of-america","18":"tag-us","19":"tag-usa"},"share_on_mastodon":{"url":"https:\/\/pubeurope.com\/@fr\/115114133755919984","error":""},"_links":{"self":[{"href":"https:\/\/www.europesays.com\/fr\/wp-json\/wp\/v2\/posts\/353001","targetHints":{"allow":["GET"]}}],"collection":[{"href":"https:\/\/www.europesays.com\/fr\/wp-json\/wp\/v2\/posts"}],"about":[{"href":"https:\/\/www.europesays.com\/fr\/wp-json\/wp\/v2\/types\/post"}],"author":[{"embeddable":true,"href":"https:\/\/www.europesays.com\/fr\/wp-json\/wp\/v2\/users\/2"}],"replies":[{"embeddable":true,"href":"https:\/\/www.europesays.com\/fr\/wp-json\/wp\/v2\/comments?post=353001"}],"version-history":[{"count":0,"href":"https:\/\/www.europesays.com\/fr\/wp-json\/wp\/v2\/posts\/353001\/revisions"}],"wp:featuredmedia":[{"embeddable":true,"href":"https:\/\/www.europesays.com\/fr\/wp-json\/wp\/v2\/media\/353002"}],"wp:attachment":[{"href":"https:\/\/www.europesays.com\/fr\/wp-json\/wp\/v2\/media?parent=353001"}],"wp:term":[{"taxonomy":"category","embeddable":true,"href":"https:\/\/www.europesays.com\/fr\/wp-json\/wp\/v2\/categories?post=353001"},{"taxonomy":"post_tag","embeddable":true,"href":"https:\/\/www.europesays.com\/fr\/wp-json\/wp\/v2\/tags?post=353001"}],"curies":[{"name":"wp","href":"https:\/\/api.w.org\/{rel}","templated":true}]}}