{"id":353005,"date":"2025-08-29T21:18:12","date_gmt":"2025-08-29T21:18:12","guid":{"rendered":"https:\/\/www.europesays.com\/fr\/353005\/"},"modified":"2025-08-29T21:18:12","modified_gmt":"2025-08-29T21:18:12","slug":"la-serbie-de-jokic-et-lallemagne-assurent-le-finlandais-markkanen-impressionne","status":"publish","type":"post","link":"https:\/\/www.europesays.com\/fr\/353005\/","title":{"rendered":"la Serbie de Jokic et l\u2019Allemagne assurent, le Finlandais Markkanen impressionne"},"content":{"rendered":"<p>Serbes et Allemands ont remport\u00e9 ce vendredi leur deuxi\u00e8me succ\u00e8s en deux matchs. Star de la Finlande, Lauri Markkanen a r\u00e9duit la Grande-Bretagne en miettes avec 43 points au compteur.<\/p>\n<p class=\"fig-paragraph\">La Serbie et l&rsquo;Allemagne ont poursuivi leur chemin \u00e0 l&rsquo;Euro de basket vendredi, avec un deuxi\u00e8me succ\u00e8s en deux rencontres. La journ\u00e9e a \u00e9t\u00e9 marqu\u00e9e par la performance remarquable de l&rsquo;ailier-fort<a href=\"http:\/\/www.lefigaro.fr\/sports\/basket\/basket-40-points-de-moyenne-sur-trois-matches-le-finlandais-lauri-markkanen-stratospherique-avant-l-euro-20250818\" data-fig-type=\"NewsFlash\" data-gtm-custom-categorie=\"navigation\" data-gtm-custom-action=\"crossclick\" data-gtm-custom-label=\"Contextuel\" data-gtm-event=\"customEventSPE\" data-fig-domain=\"LEFIGARO\" rel=\"nofollow noopener\" target=\"_blank\">\u00a0Lauri Markkanen<\/a>, auteur de 43 points lors du carton de la Finlande devant la Grande-Bretagne (109-79) \u00e0 domicile, \u00e0 Tampere.<\/p>\n<p class=\"fig-paragraph\">Le joueur de l&rsquo;Utah Jazz a \u00e9gal\u00e9 sa performance r\u00e9alis\u00e9e contre la Croatie en huiti\u00e8me de finale de l&rsquo;Euro-2022 et qui l&rsquo;avait d\u00e9j\u00e0 propuls\u00e9 parmi les meilleurs de l&rsquo;Histoire dans un seul match. Les Finlandais sont en t\u00eate du groupe B, aux c\u00f4t\u00e9s de la Lituanie et de l&rsquo;Allemagne.<\/p>\n<p>                                    <a class=\"fig-a11y-skip a11y-hidden\" href=\"#fig-a11y-skip-main-inarticle\"><br \/>\n        Passer la publicit\u00e9<br \/>\n    <\/a><\/p>\n<p>Jokic en double-double<\/p>\n<p class=\"fig-paragraph\">Les Allemands, champions du monde en titre, ont \u00e0 nouveau pu compter sur leur duo Franz Wagner (21 pts) et Dennis Schr\u00f6der (23 pts, 7 passes) pour s&rsquo;offrir une deuxi\u00e8me victoire \u00e0 plus de 100 points lors de leur succ\u00e8s contre la Su\u00e8de (105-83).<\/p>\n<p class=\"fig-paragraph\">Deuxi\u00e8me succ\u00e8s aussi pour la Serbie de\u00a0<a href=\"http:\/\/www.lefigaro.fr\/sports\/basket\/basket-jokic-antetokounmpo-doncic-les-10-stars-de-l-euro-en-images-20250827\" data-fig-type=\"NewsFlash\" data-gtm-custom-categorie=\"navigation\" data-gtm-custom-action=\"crossclick\" data-gtm-custom-label=\"Contextuel\" data-gtm-event=\"customEventSPE\" data-fig-domain=\"LEFIGARO\" rel=\"nofollow noopener\" target=\"_blank\">Nikola Jokic<\/a>, tombeuse du Portugal \u00e0 Riga (80-69) dans le groupe A. La star de Denver a termin\u00e9 meilleur marqueur de la rencontre, en enregistrant un double-double (23 pts, 10 rebonds).<\/p>\n<p class=\"fig-paragraph\">Le groupe A est compl\u00e9t\u00e9 derri\u00e8re par la Turquie, d\u00e9j\u00e0 tombeuse de la Lettonie lors de la premi\u00e8re journ\u00e9e et qui s&rsquo;est impos\u00e9e devant la R\u00e9publique tch\u00e8que (92-78).<\/p>\n","protected":false},"excerpt":{"rendered":"Serbes et Allemands ont remport\u00e9 ce vendredi leur deuxi\u00e8me succ\u00e8s en deux matchs. Star de la Finlande, Lauri&hellip;\n","protected":false},"author":2,"featured_media":353006,"comment_status":"","ping_status":"","sticky":false,"template":"","format":"standard","meta":{"footnotes":""},"categories":[1587],"tags":[11,672,1804,1805,1803,1777,674,1801,12,48959,1802,3329],"class_list":{"0":"post-353005","1":"post","2":"type-post","3":"status-publish","4":"format-standard","5":"has-post-thumbnail","7":"category-allemagne","8":"tag-actualites","9":"tag-allemagne","10":"tag-bundesrepublik-deutschland","11":"tag-de","12":"tag-deutschland","13":"tag-eu","14":"tag-europe","15":"tag-germany","16":"tag-news","17":"tag-nikola-jokic","18":"tag-republique-federale-dallemagne","19":"tag-serbie"},"share_on_mastodon":{"url":"https:\/\/pubeurope.com\/@fr\/115114141582335823","error":""},"_links":{"self":[{"href":"https:\/\/www.europesays.com\/fr\/wp-json\/wp\/v2\/posts\/353005","targetHints":{"allow":["GET"]}}],"collection":[{"href":"https:\/\/www.europesays.com\/fr\/wp-json\/wp\/v2\/posts"}],"about":[{"href":"https:\/\/www.europesays.com\/fr\/wp-json\/wp\/v2\/types\/post"}],"author":[{"embeddable":true,"href":"https:\/\/www.europesays.com\/fr\/wp-json\/wp\/v2\/users\/2"}],"replies":[{"embeddable":true,"href":"https:\/\/www.europesays.com\/fr\/wp-json\/wp\/v2\/comments?post=353005"}],"version-history":[{"count":0,"href":"https:\/\/www.europesays.com\/fr\/wp-json\/wp\/v2\/posts\/353005\/revisions"}],"wp:featuredmedia":[{"embeddable":true,"href":"https:\/\/www.europesays.com\/fr\/wp-json\/wp\/v2\/media\/353006"}],"wp:attachment":[{"href":"https:\/\/www.europesays.com\/fr\/wp-json\/wp\/v2\/media?parent=353005"}],"wp:term":[{"taxonomy":"category","embeddable":true,"href":"https:\/\/www.europesays.com\/fr\/wp-json\/wp\/v2\/categories?post=353005"},{"taxonomy":"post_tag","embeddable":true,"href":"https:\/\/www.europesays.com\/fr\/wp-json\/wp\/v2\/tags?post=353005"}],"curies":[{"name":"wp","href":"https:\/\/api.w.org\/{rel}","templated":true}]}}