{"id":353015,"date":"2025-08-29T21:24:10","date_gmt":"2025-08-29T21:24:10","guid":{"rendered":"https:\/\/www.europesays.com\/fr\/353015\/"},"modified":"2025-08-29T21:24:10","modified_gmt":"2025-08-29T21:24:10","slug":"felix-mory-seul-aux-commandes-du-dormy-open","status":"publish","type":"post","link":"https:\/\/www.europesays.com\/fr\/353015\/","title":{"rendered":"F\u00e9lix Mory seul aux commandes du Dormy Open"},"content":{"rendered":"\n<p class=\"Paragraph__content\" data-v-e14a34bc=\"\">D\u00e9j\u00e0 membre du quatuor de t\u00eate \u00e0 l&rsquo;issue du premier tour, F\u00e9lix Mory a fauss\u00e9 compagnie \u00e0 ses concurrents ce vendredi, pour s&#8217;emparer seul des commandes (-14 total) du Dormy Open en Su\u00e8de. En effet, apr\u00e8s son superbe 63 inaugural (un eagle, six birdies, aucune erreur), le Fran\u00e7ais, d\u00e9j\u00e0 vainqueur de ce tournoi en 2021, ainsi que du <a href=\"https:\/\/www.lequipe.fr\/Golf\/Actualites\/Felix-mory-decroche-son-deuxieme-titre-en-play-offs-sur-l-hotelplanner-tour\/1568689\" notaddlevel=\"true\" target=\"_blank\" rel=\"nofollow noopener\">Swiss Challenge plus t\u00f4t dans la saison<\/a>, a encha\u00een\u00e9 avec une carte de 65 (sept birdies, un bogey).<\/p>\n<p class=\"Paragraph__content\" data-v-e14a34bc=\"\">\u00ab Je suis satisfait de mon attitude. J&rsquo;ai commenc\u00e9 en manquant deux occasions, mais je suis rest\u00e9 patient. Je putte bien et je frappe assez droit. Il n&rsquo;y a rien eu d&rsquo;extraordinaire, mais tout s&rsquo;est bien pass\u00e9. Vous allez faire des bogeys, cela fait partie du jeu. C&rsquo;\u00e9tait agr\u00e9able de terminer avec un birdie, mais vous ne pouvez pas forcer les choses. La saison touche \u00e0 sa fin, nous savons tous o\u00f9 nous en sommes (12e de la Road to Mallorca, une victoire lui permettrait de faire un grand pas vers le DP World Tour). Si j&rsquo;ai une bonne attitude et que j&rsquo;essaie de m&rsquo;am\u00e9liorer, le reste suivra. J&rsquo;ai h\u00e2te de m&rsquo;amuser ce week-end sur un superbe parcours\u00a0\u00bb.<\/p>\n<p>                       Sept Bleus ratent le cut <\/p>\n<p class=\"Paragraph__content\" data-v-e14a34bc=\"\">Mory abordera le moving day avec une petite longueur d&rsquo;avance sur l&rsquo;Anglais John Gough (2e, -13), qui a claqu\u00e9 un score de 64 (huit birdies, un bogey), tout comme son compatriote Jamie Rutherford (3e, -12). Hayden Hopewell, Anders Emil Ejlersen et Jonathan Goth-Rasmussen suivent au 4e rang (-11). Sam Jones est 7e (-10). La 8e place (-9) est occup\u00e9e par Hugo Townsend, Haraldur Magnus, Alfie Plant, Chase Hanna, Vince Van Veen et Bryce Easton, qui a enregistr\u00e9 le meilleur bilan de la journ\u00e9e (63, un eagle, six birdies).<\/p>\n<p class=\"Paragraph__content\" data-v-e14a34bc=\"\">Aux portes du top 10, Cl\u00e9ment Charmasson, auteur d&rsquo;une ronde de 68 ce vendredi (quatre birdies, un bogey), se classe 14e (-8). Parmi les autres repr\u00e9sentants tricolores engag\u00e9s en Su\u00e8de, seul Julien Sale (32e, -6) est parvenu \u00e0 passer le cut, fix\u00e9 \u00e0 -5. Le golfeur de 27\u00a0ans est all\u00e9 chercher son billet en signant un joli 67 (cinq birdies, un bogey). S&rsquo;il a rendu une deuxi\u00e8me carte cons\u00e9cutive de 69, Romain Wattel reste \u00e0 quai (65e, -4). De m\u00eame, Nathan Legendre (79e, -3), Damien Perrier, Julien Quesne (89es, -2), Benjamin Kedochim, Andoni Etchenique (141es, +4) et Quentin Debove (147e, +5) ne seront pas pr\u00e9sents lors du moving day.<\/p>\n","protected":false},"excerpt":{"rendered":"D\u00e9j\u00e0 membre du quatuor de t\u00eate \u00e0 l&rsquo;issue du premier tour, F\u00e9lix Mory a fauss\u00e9 compagnie \u00e0 ses&hellip;\n","protected":false},"author":2,"featured_media":353016,"comment_status":"","ping_status":"","sticky":false,"template":"","format":"standard","meta":{"footnotes":""},"categories":[1418],"tags":[1011,27,1472,60],"class_list":{"0":"post-353015","1":"post","2":"type-post","3":"status-publish","4":"format-standard","5":"has-post-thumbnail","7":"category-golf","8":"tag-fr","9":"tag-france","10":"tag-golf","11":"tag-sports"},"share_on_mastodon":{"url":"https:\/\/pubeurope.com\/@fr\/115114165075566028","error":""},"_links":{"self":[{"href":"https:\/\/www.europesays.com\/fr\/wp-json\/wp\/v2\/posts\/353015","targetHints":{"allow":["GET"]}}],"collection":[{"href":"https:\/\/www.europesays.com\/fr\/wp-json\/wp\/v2\/posts"}],"about":[{"href":"https:\/\/www.europesays.com\/fr\/wp-json\/wp\/v2\/types\/post"}],"author":[{"embeddable":true,"href":"https:\/\/www.europesays.com\/fr\/wp-json\/wp\/v2\/users\/2"}],"replies":[{"embeddable":true,"href":"https:\/\/www.europesays.com\/fr\/wp-json\/wp\/v2\/comments?post=353015"}],"version-history":[{"count":0,"href":"https:\/\/www.europesays.com\/fr\/wp-json\/wp\/v2\/posts\/353015\/revisions"}],"wp:featuredmedia":[{"embeddable":true,"href":"https:\/\/www.europesays.com\/fr\/wp-json\/wp\/v2\/media\/353016"}],"wp:attachment":[{"href":"https:\/\/www.europesays.com\/fr\/wp-json\/wp\/v2\/media?parent=353015"}],"wp:term":[{"taxonomy":"category","embeddable":true,"href":"https:\/\/www.europesays.com\/fr\/wp-json\/wp\/v2\/categories?post=353015"},{"taxonomy":"post_tag","embeddable":true,"href":"https:\/\/www.europesays.com\/fr\/wp-json\/wp\/v2\/tags?post=353015"}],"curies":[{"name":"wp","href":"https:\/\/api.w.org\/{rel}","templated":true}]}}