{"id":353017,"date":"2025-08-29T21:26:14","date_gmt":"2025-08-29T21:26:14","guid":{"rendered":"https:\/\/www.europesays.com\/fr\/353017\/"},"modified":"2025-08-29T21:26:14","modified_gmt":"2025-08-29T21:26:14","slug":"pro-d2-valence-romans-soffre-un-premier-succes-face-a-dax","status":"publish","type":"post","link":"https:\/\/www.europesays.com\/fr\/353017\/","title":{"rendered":"Pro D2 \u2013 Valence Romans s\u2019offre un premier succ\u00e8s face \u00e0 Dax"},"content":{"rendered":"<p>\n                Pour l\u2019ouverture de la saison 2025\/2026 de Pro D2, le VRDR est venu \u00e0 bout de l\u2019US Dax au terme d\u2019une rencontre intense. C\u2019est en seconde p\u00e9riode que les Dr\u00f4mois ont fait pencher la balance pour s\u2019imposer 36\/23 face \u00e0 une \u00e9quipe landaise vaillante mais tr\u00e8s indisciplin\u00e9e.\n            <\/p>\n<p>D\u00e9but d\u2019une nouvelle saison pour deux clubs que l\u2019on peut classer, sur le papier, parmi les \u00ab\u00a0petits\u00a0\u00bb du championnat de Pro D2. Malgr\u00e9 tout, les Dr\u00f4mois, huiti\u00e8mes la saison derni\u00e8re, et les Landais, onzi\u00e8mes, avaient la ferme intention de commencer l\u2019exercice par un succ\u00e8s\u00a0! Ce n\u2019est donc pas \u00e9tonnant de voir que <a href=\"https:\/\/www.rugbyrama.fr\/resultats\/rugby\/pro-d2\/phase-reguliere\/rencontre\/55736\/valence-romans-dax\/direct\" target=\"_self\" rel=\"nofollow noopener\">la partie s\u2019est d\u00e9cant\u00e9e dans le dernier quart d\u2019heure<\/a>. \u00c0 ce jeu, ce sont les Damiers qui ont pris le meilleur face \u00e0 des Landais d\u00e9j\u00e0 p\u00e9nalis\u00e9s de 5 points au classement avant le d\u00e9but de la saison.<\/p>\n<p>Dax se montre entreprenant<\/p>\n<p>Le premier acte est quelque peu paradoxal. Malgr\u00e9 une double inf\u00e9riorit\u00e9 num\u00e9rique, c\u2019est Valence Romans qui tourne devant \u00e0 la pause avec un score de 15 \u00e0 13. Pour cela, les Damiers ont piqu\u00e9 d\u2019entr\u00e9e de jeu avec un essai de Marrou. Si Dax pensait revenir rapidement dans le jeu (l\u2019essai de Nacika \u00e0 la 10e minute de jeu est annul\u00e9 \u00e0 la vid\u00e9o), c\u2019est par le pied de Seguy que les Landais reviennent dans la partie (7\/6, 24e). Plus fringants avec le ballon dans les mains, les visiteurs tentent des coups mais ils manquent de r\u00e9alisme. Au contraire des Dr\u00f4mois qui profitent de leur deuxi\u00e8me occasion pour inscrire un nouvel essai (Rodor, 12\/6, 31e). Fort heureusement pour les Dacquois, le compteur se d\u00e9bloque peu apr\u00e8s gr\u00e2ce \u00e0 un essai en force du talonneur\u00a0Hiriart-Urruty. Peu avant la pause, une p\u00e9nalit\u00e9 (pas la premi\u00e8re, ni la derni\u00e8re contre Dax) permet au VRDR de reprendre les commandes (15\/13).<\/p>\n<p>Valence Romans se d\u00e9lecte de l\u2019indiscipline landaise<\/p>\n<p>Le paradoxe se poursuit pour Dax d\u00e8s le d\u00e9but de la seconde p\u00e9riode. Et pourtant, cette fois-ci, c\u2019est un essai collectif et construit ballon en main pendant trois minutes qui r\u00e9compense les hommes de Vincent Etcheto (Gatelier, 15\/20, 43e). Mais ce sursaut marque aussi le d\u00e9but d\u2019une longue s\u00e9rie de fautes commises par les visiteurs. Il n\u2019en fallait pas plus pour chauffer le pied de Lucas Meret qui encha\u00eene quatre p\u00e9nalit\u00e9s en 18 minutes. Trois d\u2019entre elles passent et permettent \u00e0 Valence Romans de mener 24\/23 \u00e0 la 64e minute de jeu.<\/p>\n<p>Plus \u00e9mouss\u00e9s, les Landais accusent le coup et c\u00e8dent r\u00e9ellement sur un essai de Lane (31\/23, 68e). Thomas Rozi\u00e8re gonfle le score dans les derniers instants avec un quatri\u00e8me essai en faveur des Damiers qui d\u00e9crochent donc leur premier succ\u00e8s de la saison \u00e0 domicile.<\/p>\n<p>Quel bilan tirer de cette rencontre\u00a0?<\/p>\n<p>Difficile de tirer de grandes conclusions \u00e0 l\u2019issue du premier rendez-vous de la saison. C\u00f4t\u00e9 VRDR, on notera le sang froid de Lucas Meret au pied et la capacit\u00e9 de l\u2019\u00e9quipe \u00e0 marquer d\u00e8s qu\u2019une occasion se pr\u00e9sentait.<\/p>\n<p>En ce qui concerne Dax, il y a eu du bon avec de beaux mouvements offensifs. N\u00e9anmoins, la copie est largement g\u00e2ch\u00e9e par des fautes \u00e0 r\u00e9p\u00e9tition qui ont annihil\u00e9 tous les efforts. La r\u00e9ception de Brive la semaine prochaine sera un bon test pour voir si ces probl\u00e8mes sont passagers ou au contraire, plus s\u00e9rieux.<\/p>\n","protected":false},"excerpt":{"rendered":"Pour l\u2019ouverture de la saison 2025\/2026 de Pro D2, le VRDR est venu \u00e0 bout de l\u2019US Dax&hellip;\n","protected":false},"author":2,"featured_media":353018,"comment_status":"","ping_status":"","sticky":false,"template":"","format":"standard","meta":{"footnotes":""},"categories":[1416],"tags":[1011,27,479,1468,60],"class_list":{"0":"post-353017","1":"post","2":"type-post","3":"status-publish","4":"format-standard","5":"has-post-thumbnail","7":"category-rugby","8":"tag-fr","9":"tag-france","10":"tag-rugby","11":"tag-rugby-football","12":"tag-sports"},"share_on_mastodon":{"url":"https:\/\/pubeurope.com\/@fr\/115114172979889508","error":""},"_links":{"self":[{"href":"https:\/\/www.europesays.com\/fr\/wp-json\/wp\/v2\/posts\/353017","targetHints":{"allow":["GET"]}}],"collection":[{"href":"https:\/\/www.europesays.com\/fr\/wp-json\/wp\/v2\/posts"}],"about":[{"href":"https:\/\/www.europesays.com\/fr\/wp-json\/wp\/v2\/types\/post"}],"author":[{"embeddable":true,"href":"https:\/\/www.europesays.com\/fr\/wp-json\/wp\/v2\/users\/2"}],"replies":[{"embeddable":true,"href":"https:\/\/www.europesays.com\/fr\/wp-json\/wp\/v2\/comments?post=353017"}],"version-history":[{"count":0,"href":"https:\/\/www.europesays.com\/fr\/wp-json\/wp\/v2\/posts\/353017\/revisions"}],"wp:featuredmedia":[{"embeddable":true,"href":"https:\/\/www.europesays.com\/fr\/wp-json\/wp\/v2\/media\/353018"}],"wp:attachment":[{"href":"https:\/\/www.europesays.com\/fr\/wp-json\/wp\/v2\/media?parent=353017"}],"wp:term":[{"taxonomy":"category","embeddable":true,"href":"https:\/\/www.europesays.com\/fr\/wp-json\/wp\/v2\/categories?post=353017"},{"taxonomy":"post_tag","embeddable":true,"href":"https:\/\/www.europesays.com\/fr\/wp-json\/wp\/v2\/tags?post=353017"}],"curies":[{"name":"wp","href":"https:\/\/api.w.org\/{rel}","templated":true}]}}