{"id":353021,"date":"2025-08-29T21:29:12","date_gmt":"2025-08-29T21:29:12","guid":{"rendered":"https:\/\/www.europesays.com\/fr\/353021\/"},"modified":"2025-08-29T21:29:12","modified_gmt":"2025-08-29T21:29:12","slug":"motogp-hongrie-j3-jack-miller-yamaha-ab-jai-le-sentiment-davoir-manque-une-opportunite","status":"publish","type":"post","link":"https:\/\/www.europesays.com\/fr\/353021\/","title":{"rendered":"MotoGP, Hongrie J3, Jack Miller (Yamaha\/Ab.) : \u00ab\u00a0J&rsquo;ai le sentiment d&rsquo;avoir manqu\u00e9 une opportunit\u00e9\u00a0\u00bb"},"content":{"rendered":"<p><strong>Auteur d\u2019un excellent d\u00e9part, Jack Miller \u00e9tait aux<br \/>\nportes du top 10 lorsqu\u2019il a chut\u00e9 en course, le faisant passer \u00e0<br \/>\nc\u00f4t\u00e9 d\u2019un possible tr\u00e8s bon r\u00e9sultat.<\/strong><\/p>\n<p><strong>Jack Miller<\/strong> est-il pass\u00e9 \u00e0 c\u00f4t\u00e9 d\u2019un solide<br \/>\nr\u00e9sultat au Grand Prix de Hongrie ? C\u2019est en tout cas son ressenti<br \/>\napr\u00e8s avoir chut\u00e9 \u00e0 deux reprises en course dimanche dernier.<br \/>\nL\u2019Australien \u00e9tait en train de r\u00e9aliser l\u2019une de ses meilleures<br \/>\nperformances de la saison, quand il est parti \u00e0 la faute dans le<br \/>\nsixi\u00e8me tour, sans vraiment en comprendre la raison. Reparti<br \/>\ndernier, il a de nouveau chut\u00e9 dix tours plus tard avant<br \/>\nd\u2019abandonner.<\/p>\n<p><strong>Miller<\/strong> \u00e9tait pourtant en train de faire oublier<br \/>\nson week-end difficile. Non qualifi\u00e9 d\u2019office pour la Q2 le<br \/>\nvendredi, il \u00e9tait pass\u00e9 \u00e0 32 milli\u00e8mes de se sauver de la Q1 le<br \/>\nsamedi et avait d\u00fb se contenter de la 14e position. Celle-ci<br \/>\ns\u2019\u00e9tait transform\u00e9e en 17e sur la grille en raison d\u2019une p\u00e9nalit\u00e9<br \/>\nre\u00e7ue pour avoir roul\u00e9 au ralenti lors de la Practice et avoir g\u00ean\u00e9<br \/>\nFrancesco Bagnaia.<\/p>\n<p>Apr\u00e8s avoir termin\u00e9 12e de la course sprint samedi, il a pris un<br \/>\nexcellent d\u00e9part en course principale dimanche, en gagnant six<br \/>\nplaces dans le premier tour, puis encore une quelques tours plus<br \/>\ntard, le pla\u00e7ant d\u00e9j\u00e0 11e. Il pouvait esp\u00e9rer remonter encore, mais<br \/>\nc\u2019est \u00e0 ce moment qu\u2019il a commis son erreur et a vu ses chances de<br \/>\nbon r\u00e9sultat s\u2019envoler.<\/p>\n<p><img loading=\"lazy\" decoding=\"async\" class=\"aligncenter size-full wp-image-1323812\" src=\"https:\/\/www.europesays.com\/fr\/wp-content\/uploads\/2025\/08\/R14_MOTOGP_PRAMAC_HUNGARY_SUNDAY_06.jpg\" alt=\"Jack Miller Hongrie\" width=\"800\" height=\"533\"  \/><\/p>\n<p>\u00ab\u00a0Ce n\u2019\u00e9tait d\u00e9finitivement pas la journ\u00e9e que je<br \/>\nvoulais ou \u00e0 laquelle je m\u2019attendais\u00a0\u00bb, a-t-il d\u00e9clar\u00e9.<br \/>\n\u00ab\u00a0J\u2019ai pris un bon d\u00e9part, je me suis install\u00e9 derri\u00e8re<br \/>\nPol [Espargar\u00f3] et j\u2019ai attendu un peu avant de tenter une attaque,<br \/>\nsachant que j\u2019avais le rythme pour prendre l\u2019avantage. Mais<br \/>\nensuite, au virage 1, d\u00e8s que j\u2019ai appuy\u00e9 sur l\u2019acc\u00e9l\u00e9rateur, j\u2019ai<br \/>\nperdu l\u2019avant et c\u2019en \u00e9tait fini.\u00a0\u00bb<\/p>\n<p>\u00ab\u00a0Honn\u00eatement, je n\u2019avais rien fait de diff\u00e9rent du<br \/>\ntour pr\u00e9c\u00e9dent. J\u2019ai relev\u00e9 la moto et j\u2019ai essay\u00e9 de pousser, en<br \/>\nesp\u00e9rant rattraper quelqu\u2019un, m\u00eame avec un petit probl\u00e8me<br \/>\nd\u2019embrayage, mais quelques tours plus tard, je suis retomb\u00e9 au<br \/>\nvirage 11. C\u2019est vraiment dommage, parce qu\u2019on avait un rythme<br \/>\ncorrect ce week-end et j\u2019ai le sentiment d\u2019avoir manqu\u00e9 une<br \/>\nopportunit\u00e9.\u00a0\u00bb<\/p>\n<p><strong>R\u00e9sultats du <a href=\"https:\/\/www.paddock-gp.com\/motogp-hongrie-course-live\/\" target=\"_blank\" rel=\"noopener\">Grand Prix<\/a> de Hongrie<\/strong><\/p>\n<p><img loading=\"lazy\" decoding=\"async\" class=\"aligncenter size-full wp-image-1322743\" src=\"https:\/\/www.europesays.com\/fr\/wp-content\/uploads\/2025\/08\/gp-1.jpg\" alt=\"\" width=\"800\" height=\"1048\"  \/><\/p>\n<p>Cr\u00e9dit classement : <a href=\"https:\/\/www.motogp.com\/fr\" target=\"_blank\" rel=\"noopener\">MotoGP.com<\/a><\/p>\n","protected":false},"excerpt":{"rendered":"Auteur d\u2019un excellent d\u00e9part, Jack Miller \u00e9tait aux portes du top 10 lorsqu\u2019il a chut\u00e9 en course, le&hellip;\n","protected":false},"author":2,"featured_media":353022,"comment_status":"","ping_status":"","sticky":false,"template":"","format":"standard","meta":{"footnotes":""},"categories":[1413],"tags":[1011,27,1457,1456,60],"class_list":{"0":"post-353021","1":"post","2":"type-post","3":"status-publish","4":"format-standard","5":"has-post-thumbnail","7":"category-moto","8":"tag-fr","9":"tag-france","10":"tag-moto","11":"tag-motocycle","12":"tag-sports"},"share_on_mastodon":{"url":"https:\/\/pubeurope.com\/@fr\/115114185320853849","error":""},"_links":{"self":[{"href":"https:\/\/www.europesays.com\/fr\/wp-json\/wp\/v2\/posts\/353021","targetHints":{"allow":["GET"]}}],"collection":[{"href":"https:\/\/www.europesays.com\/fr\/wp-json\/wp\/v2\/posts"}],"about":[{"href":"https:\/\/www.europesays.com\/fr\/wp-json\/wp\/v2\/types\/post"}],"author":[{"embeddable":true,"href":"https:\/\/www.europesays.com\/fr\/wp-json\/wp\/v2\/users\/2"}],"replies":[{"embeddable":true,"href":"https:\/\/www.europesays.com\/fr\/wp-json\/wp\/v2\/comments?post=353021"}],"version-history":[{"count":0,"href":"https:\/\/www.europesays.com\/fr\/wp-json\/wp\/v2\/posts\/353021\/revisions"}],"wp:featuredmedia":[{"embeddable":true,"href":"https:\/\/www.europesays.com\/fr\/wp-json\/wp\/v2\/media\/353022"}],"wp:attachment":[{"href":"https:\/\/www.europesays.com\/fr\/wp-json\/wp\/v2\/media?parent=353021"}],"wp:term":[{"taxonomy":"category","embeddable":true,"href":"https:\/\/www.europesays.com\/fr\/wp-json\/wp\/v2\/categories?post=353021"},{"taxonomy":"post_tag","embeddable":true,"href":"https:\/\/www.europesays.com\/fr\/wp-json\/wp\/v2\/tags?post=353021"}],"curies":[{"name":"wp","href":"https:\/\/api.w.org\/{rel}","templated":true}]}}