{"id":353037,"date":"2025-08-29T21:37:10","date_gmt":"2025-08-29T21:37:10","guid":{"rendered":"https:\/\/www.europesays.com\/fr\/353037\/"},"modified":"2025-08-29T21:37:10","modified_gmt":"2025-08-29T21:37:10","slug":"lady-gaga-fait-une-apparition-remarquee-lors-dune-soiree-dediee-a-mercredi-et-amuse-les-internautes-avec-sa-tenue-qui-lempeche-de-marcher-video","status":"publish","type":"post","link":"https:\/\/www.europesays.com\/fr\/353037\/","title":{"rendered":"Lady Gaga fait une apparition remarqu\u00e9e lors d&rsquo;une soir\u00e9e d\u00e9di\u00e9e \u00e0 \u00ab\u00a0Mercredi\u00a0\u00bb et amuse les internautes avec sa tenue qui l&#8217;emp\u00eache de marcher (vid\u00e9o)"},"content":{"rendered":"<p class=\"ap-StoryElement ap-StoryElement--mb ap-StoryText\">Lady Gaga est une habitu\u00e9e des looks farfelus, voire compl\u00e8tement hors du commun. La chanteuse a b\u00e2ti sa carri\u00e8re autour de son style indescriptible, et elle le prouve encore aujourd&rsquo;hui. Ce jeudi 28 aout, c&rsquo;est une tenue totalement noire que la star a arbor\u00e9e. Et pour cause, elle participait \u00e0 un \u00e9v\u00e9nement promotionnel organis\u00e9 par Spotigy en l&rsquo;honneur de la s\u00e9rie \u00ab\u00a0Mercredi\u00a0\u00bb.<\/p>\n<p class=\"ap-StoryElement ap-StoryElement--mb ap-StoryText\">Pour l&rsquo;occasion, Lady Gaga avait opt\u00e9 pour une robe noire au style baroque, agr\u00e9ment\u00e9e d&rsquo;un chapeau des plus imposants. La chanteuse rentrait \u00e9videmment parfaitement dans le th\u00e8me sombre et gothique v\u00e9hicul\u00e9 par la s\u00e9rie. Mais le clou du spectacle, c&rsquo;\u00e9taient sans aucun doute les chaussures de la star. Lady Gaga se d\u00e9pla\u00e7ait en effet perch\u00e9e sur des talons noirs dot\u00e9s d&rsquo;une plateforme dont il est difficile d&rsquo;estimer la hauteur tant elle parait gigantesque. Ainsi affubl\u00e9e, Lady Gaga semblait avoir quelques difficult\u00e9s \u00e0 se d\u00e9placer, comme en t\u00e9moignent certaines vid\u00e9os relay\u00e9es sur les r\u00e9seaux sociaux et \u00e9galement par Closer. Sa tenue lui a tout de m\u00eame valu l&rsquo;admiration de ses fans et de ceux de la s\u00e9rie.<\/p>\n","protected":false},"excerpt":{"rendered":"Lady Gaga est une habitu\u00e9e des looks farfelus, voire compl\u00e8tement hors du commun. La chanteuse a b\u00e2ti sa&hellip;\n","protected":false},"author":2,"featured_media":353038,"comment_status":"","ping_status":"","sticky":false,"template":"","format":"standard","meta":{"footnotes":""},"categories":[1355],"tags":[30439,48961,58,59,1011,27,2531,6774,1361,873],"class_list":{"0":"post-353037","1":"post","2":"type-post","3":"status-publish","4":"format-standard","5":"has-post-thumbnail","7":"category-musique","8":"tag-chaussures","9":"tag-demarche","10":"tag-divertissement","11":"tag-entertainment","12":"tag-fr","13":"tag-france","14":"tag-lady-gaga","15":"tag-mercredi","16":"tag-music","17":"tag-musique"},"share_on_mastodon":{"url":"https:\/\/pubeurope.com\/@fr\/115114216199365593","error":""},"_links":{"self":[{"href":"https:\/\/www.europesays.com\/fr\/wp-json\/wp\/v2\/posts\/353037","targetHints":{"allow":["GET"]}}],"collection":[{"href":"https:\/\/www.europesays.com\/fr\/wp-json\/wp\/v2\/posts"}],"about":[{"href":"https:\/\/www.europesays.com\/fr\/wp-json\/wp\/v2\/types\/post"}],"author":[{"embeddable":true,"href":"https:\/\/www.europesays.com\/fr\/wp-json\/wp\/v2\/users\/2"}],"replies":[{"embeddable":true,"href":"https:\/\/www.europesays.com\/fr\/wp-json\/wp\/v2\/comments?post=353037"}],"version-history":[{"count":0,"href":"https:\/\/www.europesays.com\/fr\/wp-json\/wp\/v2\/posts\/353037\/revisions"}],"wp:featuredmedia":[{"embeddable":true,"href":"https:\/\/www.europesays.com\/fr\/wp-json\/wp\/v2\/media\/353038"}],"wp:attachment":[{"href":"https:\/\/www.europesays.com\/fr\/wp-json\/wp\/v2\/media?parent=353037"}],"wp:term":[{"taxonomy":"category","embeddable":true,"href":"https:\/\/www.europesays.com\/fr\/wp-json\/wp\/v2\/categories?post=353037"},{"taxonomy":"post_tag","embeddable":true,"href":"https:\/\/www.europesays.com\/fr\/wp-json\/wp\/v2\/tags?post=353037"}],"curies":[{"name":"wp","href":"https:\/\/api.w.org\/{rel}","templated":true}]}}