{"id":353105,"date":"2025-08-29T22:16:13","date_gmt":"2025-08-29T22:16:13","guid":{"rendered":"https:\/\/www.europesays.com\/fr\/353105\/"},"modified":"2025-08-29T22:16:13","modified_gmt":"2025-08-29T22:16:13","slug":"on-fait-le-point-sur-les-nombreux-travaux-de-lete","status":"publish","type":"post","link":"https:\/\/www.europesays.com\/fr\/353105\/","title":{"rendered":"on fait le point sur les (nombreux) travaux de l&rsquo;\u00e9t\u00e9"},"content":{"rendered":"<p>Entre projets de voies lyonnaises (VL), travaux de v\u00e9g\u00e9talisation, r\u00e9am\u00e9nagement de voirie, on frise le trop-plein, diront certains usagers exc\u00e9d\u00e9s par un environnement fait de d\u00e9viations, de routes barr\u00e9es, de feux tricolores mal r\u00e9gl\u00e9s ou d\u2019alternats cr\u00e9ateur de bouchons. Tandis que d\u2019autres d\u00e9couvrent la fin des embarras et avec des espaces publics transform\u00e9s, apais\u00e9s ou rafra\u00eechis.<\/p>\n<p>De quoi acc\u00e9l\u00e9rer les calendriers \u00e0 7 mois des \u00e9ch\u00e9ances municipales et m\u00e9tropolitaines\u00a0? \u00ab\u00a0\u00c0 Lyon, les travaux engag\u00e9s cet \u00e9t\u00e9 ont suivi le planning annonc\u00e9 et se sont termin\u00e9s dans les temps\u00a0\u00bb, avancent les services de la M\u00e9tropole en d\u00e9pit des&#8230;<\/p>\n","protected":false},"excerpt":{"rendered":"Entre projets de voies lyonnaises (VL), travaux de v\u00e9g\u00e9talisation, r\u00e9am\u00e9nagement de voirie, on frise le trop-plein, diront certains&hellip;\n","protected":false},"author":2,"featured_media":353106,"comment_status":"","ping_status":"","sticky":false,"template":"","format":"standard","meta":{"footnotes":""},"categories":[1889],"tags":[1111,11,2430,4749,3542,33,2757,1777,674,107,1011,27,2428,2756,12,25,2429,4604,2803],"class_list":{"0":"post-353105","1":"post","2":"type-post","3":"status-publish","4":"format-standard","5":"has-post-thumbnail","7":"category-lyon","8":"tag-actu","9":"tag-actualites","10":"tag-auvergne-rhone-alpes","11":"tag-btp-et-chantiers","12":"tag-circulation","13":"tag-economie","14":"tag-edition-lyon-villeurbanne","15":"tag-eu","16":"tag-europe","17":"tag-fil-info","18":"tag-fr","19":"tag-france","20":"tag-lyon","21":"tag-lyon-bassin","22":"tag-news","23":"tag-republique-francaise","24":"tag-rhone","25":"tag-selection-abonne","26":"tag-transport"},"share_on_mastodon":{"url":"https:\/\/pubeurope.com\/@fr\/115114369584026055","error":""},"_links":{"self":[{"href":"https:\/\/www.europesays.com\/fr\/wp-json\/wp\/v2\/posts\/353105","targetHints":{"allow":["GET"]}}],"collection":[{"href":"https:\/\/www.europesays.com\/fr\/wp-json\/wp\/v2\/posts"}],"about":[{"href":"https:\/\/www.europesays.com\/fr\/wp-json\/wp\/v2\/types\/post"}],"author":[{"embeddable":true,"href":"https:\/\/www.europesays.com\/fr\/wp-json\/wp\/v2\/users\/2"}],"replies":[{"embeddable":true,"href":"https:\/\/www.europesays.com\/fr\/wp-json\/wp\/v2\/comments?post=353105"}],"version-history":[{"count":0,"href":"https:\/\/www.europesays.com\/fr\/wp-json\/wp\/v2\/posts\/353105\/revisions"}],"wp:featuredmedia":[{"embeddable":true,"href":"https:\/\/www.europesays.com\/fr\/wp-json\/wp\/v2\/media\/353106"}],"wp:attachment":[{"href":"https:\/\/www.europesays.com\/fr\/wp-json\/wp\/v2\/media?parent=353105"}],"wp:term":[{"taxonomy":"category","embeddable":true,"href":"https:\/\/www.europesays.com\/fr\/wp-json\/wp\/v2\/categories?post=353105"},{"taxonomy":"post_tag","embeddable":true,"href":"https:\/\/www.europesays.com\/fr\/wp-json\/wp\/v2\/tags?post=353105"}],"curies":[{"name":"wp","href":"https:\/\/api.w.org\/{rel}","templated":true}]}}