{"id":353109,"date":"2025-08-29T22:18:25","date_gmt":"2025-08-29T22:18:25","guid":{"rendered":"https:\/\/www.europesays.com\/fr\/353109\/"},"modified":"2025-08-29T22:18:25","modified_gmt":"2025-08-29T22:18:25","slug":"metro-rer-train-bientot-un-tarif-identique-pour-tous-les-franciliens","status":"publish","type":"post","link":"https:\/\/www.europesays.com\/fr\/353109\/","title":{"rendered":"M\u00e9tro, RER, train\u00a0: bient\u00f4t un tarif identique pour tous les Franciliens"},"content":{"rendered":"<p>C\u2019est une v\u00e9ritable r\u00e9volution pour les 4\u00a0millions d\u2019usagers des transports en commun franciliens. Ce mercredi 18\u00a0septembre, l\u2019autorit\u00e9 r\u00e9gionale des transports \u00cele-de-France Mobilit\u00e9s (IDFM) a annonc\u00e9 une simplification de la tarification des tickets vendus \u00e0 l\u2019unit\u00e9 en 2025.<\/p>\n<p>Un tarif unitaire identique pour tous les Franciliens<\/p>\n<p>\u00c0 partir du 2\u00a0janvier 2025, le prix unitaire des tickets de m\u00e9tro, de RER et de trains de banlieue sera fix\u00e9 \u00e0 2,50\u00a0\u20ac, quelles que soient la destination et la distance parcourue. Si vous empruntez uniquement le bus ou le tramway, le trajet ne co\u00fbtera que 2\u00a0\u20ac. Notez que si vous devez faire une correspondance entre RER et bus, par exemple, il vous faudra 2 tickets, l\u2019un \u00e0 2,15\u00a0\u20ac et l\u2019autre \u00e0 2\u00a0\u20ac.<\/p>\n<p>Cette r\u00e9volution de la billettique simplifiera grandement les trajets des utilisateurs occasionnels des transports en commun franciliens, dont la tarification varie actuellement selon cinq zones. Le prix d\u2019un ticket \u00e0 l\u2019unit\u00e9 s\u2019\u00e9tale ainsi entre 2,15\u00a0\u20ac et 5\u00a0\u20ac. \u00ab\u00a0L\u00e0 o\u00f9 50\u00a0000 tarifications diff\u00e9rentes \u00e9taient possibles, au 2\u00a0janvier 2025, il n\u2019en existera plus que deux\u00a0!\u00a0\u00bb, vante \u00cele-de-France Mobilit\u00e9s dans un communiqu\u00e9. Si cette refonte des tarifs permettra de r\u00e9duire le prix des tr\u00e8s longs trajets, il fera toutefois grimper le prix d\u2019un voyage en m\u00e9tro ou en RER dans Paris intra-muros, qui est aujourd\u2019hui factur\u00e9 2,15\u00a0\u20ac.<\/p>\n<p><img decoding=\"async\" src=\"https:\/\/www.europesays.com\/fr\/wp-content\/uploads\/2025\/08\/exemples-trajets.png\" class=\"block max-w-full h-auto lazyload mx-auto rounded-xl\" alt=\"Tableau comparatif des prix de transport pour 2024 et 2025.\"  loading=\"lazy\"\/><\/p>\n<p>            \u00a9 Ile-de-France Mobilit\u00e9s<\/p>\n<p>Le forfait Libert\u00e9 + sera valable partout en \u00cele-de-France<\/p>\n<p>Autre changement\u00a0: le Navigo Libert\u00e9 +, forfait destin\u00e9 aux voyageurs occasionnels qui permet de payer ses voyages \u00e0 la fin du mois en fonction du nombre de trajets effectu\u00e9s, pourra \u00eatre utilis\u00e9 dans toute la r\u00e9gion et plus uniquement dans Paris intra-muros. Cons\u00e9quence de cette extension\u00a0: le tarif passera de 1,73 \u00e0 1,99\u00a0\u20ac pour un trajet en m\u00e9tro, RER ou Transilien, mais le prix pour un trajet en bus ou tram co\u00fbtera 1,60\u00a0\u20ac. Autre \u00e9volution\u00a0: au printemps 2025, le Navigo Libert\u00e9 +\u00a0pourra directement \u00eatre charg\u00e9 depuis votre smartphone Android et IOS. Enfin, il remplacera le carnet de 10 tickets qui dispara\u00eet.<\/p>\n<p><img decoding=\"async\" src=\"https:\/\/www.europesays.com\/fr\/wp-content\/uploads\/2025\/08\/tableau_billettique_2025-1.png\" class=\"block max-w-full h-auto lazyload mx-auto rounded-xl\" alt=\"Graphique montrant l'\u00e9volution des prix des tickets de transport en \u00cele-de-France.\"  loading=\"lazy\"\/><\/p>\n<p>            \u00a9 Ile-de-France Mobilit\u00e9s<\/p>\n<p>Une simplification \u00e9galement des tarifs pour les touristes<\/p>\n<p>Les tarifications des billets pour se rendre \u00e0 l\u2019a\u00e9roport de Roissy Charles-de-Gaulle (CDG) ou d\u2019Orly (ORY) depuis Paris seront simplifi\u00e9es et augment\u00e9es avec un tarif unique \u00e0 13\u00a0\u20ac pour le m\u00e9tro 14 vers Orly, les navettes bus ou le RER B \u00e0 Roissy. Actuellement, le Roissy bus est \u00e0 16,60\u00a0\u20ac, le Roissy RER \u00e0 11,80\u00a0\u20ac, le Orly bus \u00e0 11,50\u00a0\u20ac et le Orly m\u00e9tro \u00e0 10,30\u00a0\u20ac.<\/p>\n<p>Le Navigo Jour toutes zones verra, lui, son prix passer \u00e0 12\u00a0\u20ac, au lieu de 20,60\u00a0\u20ac (sans acc\u00e8s aux a\u00e9roports) et le Paris Visite co\u00fbtera 29,90\u00a0\u20ac (incluant l\u2019acc\u00e8s aux a\u00e9roports).<\/p>\n<p>Ces \u00e9volutions tarifaires seront soumises au vote lors d\u2019un prochain conseil d\u2019administration d\u2019Ile-de-France Mobilit\u00e9s.<\/p>\n<p>Que faire s\u2019il vous reste des tickets + et Origine\/destination ?<\/p>\n<p>Les tickets + et Origine\/destination resteront valables jusqu\u2019au 31 d\u00e9cembre 2025. Et si vous souhaitez en acheter de nouveaux, cela sera possible pendant 1 an, mais aux nouvelles conditions tarifaires.<\/p>\n","protected":false},"excerpt":{"rendered":"C\u2019est une v\u00e9ritable r\u00e9volution pour les 4\u00a0millions d\u2019usagers des transports en commun franciliens. Ce mercredi 18\u00a0septembre, l\u2019autorit\u00e9 r\u00e9gionale&hellip;\n","protected":false},"author":2,"featured_media":353110,"comment_status":"","ping_status":"","sticky":false,"template":"","format":"standard","meta":{"footnotes":""},"categories":[1592],"tags":[1111,11,1777,674,1011,27,662,12,626,25,2803,16530],"class_list":{"0":"post-353109","1":"post","2":"type-post","3":"status-publish","4":"format-standard","5":"has-post-thumbnail","7":"category-ile-de-france","8":"tag-actu","9":"tag-actualites","10":"tag-eu","11":"tag-europe","12":"tag-fr","13":"tag-france","14":"tag-ile-de-france","15":"tag-news","16":"tag-paris","17":"tag-republique-francaise","18":"tag-transport","19":"tag-um_mpi"},"share_on_mastodon":{"url":"https:\/\/pubeurope.com\/@fr\/115114377919933387","error":""},"_links":{"self":[{"href":"https:\/\/www.europesays.com\/fr\/wp-json\/wp\/v2\/posts\/353109","targetHints":{"allow":["GET"]}}],"collection":[{"href":"https:\/\/www.europesays.com\/fr\/wp-json\/wp\/v2\/posts"}],"about":[{"href":"https:\/\/www.europesays.com\/fr\/wp-json\/wp\/v2\/types\/post"}],"author":[{"embeddable":true,"href":"https:\/\/www.europesays.com\/fr\/wp-json\/wp\/v2\/users\/2"}],"replies":[{"embeddable":true,"href":"https:\/\/www.europesays.com\/fr\/wp-json\/wp\/v2\/comments?post=353109"}],"version-history":[{"count":0,"href":"https:\/\/www.europesays.com\/fr\/wp-json\/wp\/v2\/posts\/353109\/revisions"}],"wp:featuredmedia":[{"embeddable":true,"href":"https:\/\/www.europesays.com\/fr\/wp-json\/wp\/v2\/media\/353110"}],"wp:attachment":[{"href":"https:\/\/www.europesays.com\/fr\/wp-json\/wp\/v2\/media?parent=353109"}],"wp:term":[{"taxonomy":"category","embeddable":true,"href":"https:\/\/www.europesays.com\/fr\/wp-json\/wp\/v2\/categories?post=353109"},{"taxonomy":"post_tag","embeddable":true,"href":"https:\/\/www.europesays.com\/fr\/wp-json\/wp\/v2\/tags?post=353109"}],"curies":[{"name":"wp","href":"https:\/\/api.w.org\/{rel}","templated":true}]}}