{"id":353117,"date":"2025-08-29T22:22:17","date_gmt":"2025-08-29T22:22:17","guid":{"rendered":"https:\/\/www.europesays.com\/fr\/353117\/"},"modified":"2025-08-29T22:22:17","modified_gmt":"2025-08-29T22:22:17","slug":"ces-milliers-doeufs-venus-dukraine-importes-en-france-creent-la-polemique","status":"publish","type":"post","link":"https:\/\/www.europesays.com\/fr\/353117\/","title":{"rendered":"Ces milliers d\u2019\u0153ufs venus d\u2019Ukraine import\u00e9s en France cr\u00e9ent la pol\u00e9mique"},"content":{"rendered":"<p>L\u2019interprofession des \u0153ufs (CNPO) a d\u00e9nonc\u00e9 l\u2019importation de centaines de milliers d\u2019\u0153ufs d\u2019Ukraine <strong>\u00ab\u00a0ne respectant pas les normes de production europ\u00e9ennes\u00a0\u00bb,<\/strong> pouvant <strong>\u00ab\u00a0contenir des antibiotiques interdits\u00a0\u00bb.<\/strong>\u00a0Elle a r\u00e9clam\u00e9 des contr\u00f4les de conformit\u00e9 <strong>\u00ab\u00a0renforc\u00e9s\u00a0\u00bb.<\/strong><\/p>\n<p>Depuis le printemps, plusieurs lots d\u2019\u0153ufs provenant d\u2019Ukraine avec un code 3\u00a0(\u00e9levage en cage) ont \u00e9t\u00e9 rep\u00e9r\u00e9s dans diff\u00e9rentes grandes surfaces, notamment un lot de 300\u00a0000\u00a0\u0153ufs dans un magasin Leclerc \u00e0 Rouen. Un cas isol\u00e9 s\u2019est d\u00e9fendu l\u2019enseigne.<\/p>\n<p>Selon le CNPO, quatre contr\u00f4les, effectu\u00e9s sur des \u0153ufs ukrainiens export\u00e9s en Slovaquie et en Pologne, ont r\u00e9v\u00e9l\u00e9 la pr\u00e9sence de substances consid\u00e9r\u00e9es comme dangereuses pour la sant\u00e9. Ces analyses n\u2019ont pas eu lieu en France.<\/p>\n<p>Le CNPO appelle les autorit\u00e9s \u00e0 renforcer les contr\u00f4les, tout en demandant \u00e0 la grande distribution, une <strong>\u00ab\u00a0r\u00e9union d\u2019urgence\u00a0\u00bb<\/strong> pour \u00ab<strong>\u00a0rem\u00e9dier \u00e0 cette situation de concurrence d\u00e9loyale\u00a0\u00bb.<\/strong> Hier, la ministre de l\u2019Agriculture a rappel\u00e9 les distributeurs \u00e0 leur devoir d\u2019exemplarit\u00e9, incitant les consommateurs \u00e0 acheter fran\u00e7ais et promis de r\u00e9clamer \u00e0 la Commission europ\u00e9enne un renforcement des contr\u00f4les.<\/p>\n<p>Face \u00e0 l\u2019augmentation de la consommation d\u2019\u0153ufs, prot\u00e9ine animale privil\u00e9gi\u00e9e en p\u00e9riode d\u2019inflation, des tensions dans les stocks ont \u00e9merg\u00e9 depuis le d\u00e9but de l\u2019ann\u00e9e et certains rayons se sont vid\u00e9s apr\u00e8s des achats de pr\u00e9caution.<strong> \u00ab\u00a0Les ventes ont augment\u00e9 de 5\u00a0% en volume cette ann\u00e9e\u00a0&#8211; \u00e0 fin juillet &#8211; par rapport \u00e0 l\u2019ann\u00e9e 2024, soit environ 350\u00a0millions d\u2019\u0153ufs en plus par rapport aux sept milliards de l\u2019ann\u00e9e derni\u00e8re. On a \u00e9t\u00e9 capable de r\u00e9pondre et de fournir la grande distribution\u00a0\u00bb<\/strong>, selon Yves-Marie Beaudet, pr\u00e9sident du CNPO.<\/p>\n<p>\u00a0<\/p>\n","protected":false},"excerpt":{"rendered":"L\u2019interprofession des \u0153ufs (CNPO) a d\u00e9nonc\u00e9 l\u2019importation de centaines de milliers d\u2019\u0153ufs d\u2019Ukraine \u00ab\u00a0ne respectant pas les normes&hellip;\n","protected":false},"author":2,"featured_media":353118,"comment_status":"","ping_status":"","sticky":false,"template":"","format":"standard","meta":{"footnotes":""},"categories":[1888],"tags":[11,48966,1777,674,1011,27,48965,1307,16755,12,626,1062,25,4184,220,16415],"class_list":{"0":"post-353117","1":"post","2":"type-post","3":"status-publish","4":"format-standard","5":"has-post-thumbnail","7":"category-paris","8":"tag-actualites","9":"tag-creent","10":"tag-eu","11":"tag-europe","12":"tag-fr","13":"tag-france","14":"tag-importes","15":"tag-lille","16":"tag-milliers","17":"tag-news","18":"tag-paris","19":"tag-polemique","20":"tag-republique-francaise","21":"tag-ufs","22":"tag-ukraine","23":"tag-venus"},"share_on_mastodon":{"url":"https:\/\/pubeurope.com\/@fr\/115114393243162883","error":""},"_links":{"self":[{"href":"https:\/\/www.europesays.com\/fr\/wp-json\/wp\/v2\/posts\/353117","targetHints":{"allow":["GET"]}}],"collection":[{"href":"https:\/\/www.europesays.com\/fr\/wp-json\/wp\/v2\/posts"}],"about":[{"href":"https:\/\/www.europesays.com\/fr\/wp-json\/wp\/v2\/types\/post"}],"author":[{"embeddable":true,"href":"https:\/\/www.europesays.com\/fr\/wp-json\/wp\/v2\/users\/2"}],"replies":[{"embeddable":true,"href":"https:\/\/www.europesays.com\/fr\/wp-json\/wp\/v2\/comments?post=353117"}],"version-history":[{"count":0,"href":"https:\/\/www.europesays.com\/fr\/wp-json\/wp\/v2\/posts\/353117\/revisions"}],"wp:featuredmedia":[{"embeddable":true,"href":"https:\/\/www.europesays.com\/fr\/wp-json\/wp\/v2\/media\/353118"}],"wp:attachment":[{"href":"https:\/\/www.europesays.com\/fr\/wp-json\/wp\/v2\/media?parent=353117"}],"wp:term":[{"taxonomy":"category","embeddable":true,"href":"https:\/\/www.europesays.com\/fr\/wp-json\/wp\/v2\/categories?post=353117"},{"taxonomy":"post_tag","embeddable":true,"href":"https:\/\/www.europesays.com\/fr\/wp-json\/wp\/v2\/tags?post=353117"}],"curies":[{"name":"wp","href":"https:\/\/api.w.org\/{rel}","templated":true}]}}