{"id":353123,"date":"2025-08-29T22:25:11","date_gmt":"2025-08-29T22:25:11","guid":{"rendered":"https:\/\/www.europesays.com\/fr\/353123\/"},"modified":"2025-08-29T22:25:11","modified_gmt":"2025-08-29T22:25:11","slug":"trump-continue-a-oeuvrer-pour-une-rencontre-poutine-zelensky-selon-la-maison-blanche","status":"publish","type":"post","link":"https:\/\/www.europesays.com\/fr\/353123\/","title":{"rendered":"Trump continue \u00e0 \u0153uvrer pour une rencontre Poutine-Zelensky, selon la Maison-Blanche"},"content":{"rendered":"<p>La Maison-Blanche assure que <a href=\"https:\/\/www.20minutes.fr\/dossier\/donald_trump\" target=\"_blank\" class=\"c-link c-link--is-underlined\" rel=\"noopener\">Donald Trump<\/a> \u00ab\u00a0continue \u00e0 travailler avec des responsables ukrainiens et russes en vue d\u2019une rencontre bilat\u00e9rale\u00a0\u00bb destin\u00e9e \u00e0 \u00ab\u00a0arr\u00eater la guerre\u00a0\u00bb. L\u2019annonce intervient alors que les doutes grandissent en Europe sur la volont\u00e9 r\u00e9elle du <a href=\"https:\/\/www.20minutes.fr\/dossier\/kremlin\" target=\"_blank\" class=\"c-link c-link--is-underlined\" rel=\"noopener\">Kremlin<\/a> de n\u00e9gocier.<\/p>\n<p>Le pr\u00e9sident fran\u00e7ais <a href=\"https:\/\/www.20minutes.fr\/politique\/emmanuel-macron\/\" target=\"_blank\" class=\"c-link c-link--is-underlined\" rel=\"noopener\">Emmanuel Macron<\/a> a estim\u00e9 vendredi que si aucun face-\u00e0-face entre <a href=\"https:\/\/www.20minutes.fr\/monde\/vladimir_poutine\/\" target=\"_blank\" class=\"c-link c-link--is-underlined\" rel=\"noopener\">Vladimir Poutine<\/a> et <a href=\"https:\/\/www.20minutes.fr\/monde\/volodymyr-zelensky\/\" target=\"_blank\" class=\"c-link c-link--is-underlined\" rel=\"noopener\">Volodymyr Zelensky<\/a> n\u2019\u00e9tait organis\u00e9 \u00ab\u00a0d\u2019ici \u00e0 lundi\u00a0\u00bb, cela signifierait \u00ab\u00a0une fois encore, que le pr\u00e9sident Poutine se sera jou\u00e9 du pr\u00e9sident Trump\u00a0\u00bb. R\u00e9uni dans le sud-est de la France avec le chancelier allemand <a href=\"https:\/\/www.20minutes.fr\/politique\/friedrich-merz\/\" target=\"_blank\" class=\"c-link c-link--is-underlined\" rel=\"noopener\">Friedrich Merz<\/a>, il a d\u00e9nonc\u00e9 la \u00ab\u00a0mauvaise volont\u00e9\u00a0\u00bb du chef du Kremlin et appel\u00e9 \u00e0 de nouvelles sanctions europ\u00e9ennes.<\/p>\n<\/p>\n<p>Les nombreuses d\u00e9clarations de Trump<\/p>\n<p>Depuis plusieurs semaines, Donald Trump multiplie les initiatives diplomatiques pour tenter de d\u00e9bloquer le conflit d\u00e9clench\u00e9 en f\u00e9vrier\u00a02022 par l\u2019invasion russe de l\u2019Ukraine. Il a rencontr\u00e9 Vladimir Poutine en <a href=\"https:\/\/www.20minutes.fr\/dossier\/alaska\" target=\"_blank\" class=\"c-link c-link--is-underlined\" rel=\"noopener\">Alaska<\/a>, puis Volodymyr Zelensky \u00e0 <a href=\"https:\/\/www.20minutes.fr\/dossier\/washington\" target=\"_blank\" class=\"c-link c-link--is-underlined\" rel=\"noopener\">Washington<\/a>, en pr\u00e9sence de plusieurs dirigeants europ\u00e9ens. Ces discussions devaient pr\u00e9parer un sommet Poutine-Zelensky, mais celui-ci n\u2019a toujours pas eu lieu.<\/p>\n<p><a href=\"https:\/\/www.20minutes.fr\/monde\/ukraine\/\" target=\"_blank\" class=\"c-link c-btn c-btn--primary\" rel=\"noopener\">Notre dossier sur la guerre en Ukraine<\/a><\/p>\n<p>Le pr\u00e9sident am\u00e9ricain avait d\u00e9clar\u00e9 le 21\u00a0ao\u00fbt qu\u2019il saurait \u00ab\u00a0dans les deux prochaines semaines\u00a0\u00bb si une solution de paix \u00e9tait envisageable, ajoutant qu\u2019il pourrait \u00ab\u00a0peut-\u00eatre adopter une approche diff\u00e9rente\u00a0\u00bb.<\/p>\n","protected":false},"excerpt":{"rendered":"La Maison-Blanche assure que Donald Trump \u00ab\u00a0continue \u00e0 travailler avec des responsables ukrainiens et russes en vue d\u2019une&hellip;\n","protected":false},"author":2,"featured_media":353124,"comment_status":"","ping_status":"","sticky":false,"template":"","format":"standard","meta":{"footnotes":""},"categories":[1590],"tags":[47,11,75,1777,674,131,4998,78,74,12,220,135,134],"class_list":{"0":"post-353123","1":"post","2":"type-post","3":"status-publish","4":"format-standard","5":"has-post-thumbnail","7":"category-ukraine","8":"tag-actualite","9":"tag-actualites","10":"tag-donald-trump","11":"tag-eu","12":"tag-europe","13":"tag-guerre-en-ukraine","14":"tag-kremlin","15":"tag-maison-blanche","16":"tag-monde","17":"tag-news","18":"tag-ukraine","19":"tag-vladimir-poutine","20":"tag-volodymyr-zelensky"},"share_on_mastodon":{"url":"https:\/\/pubeurope.com\/@fr\/115114405047431255","error":""},"_links":{"self":[{"href":"https:\/\/www.europesays.com\/fr\/wp-json\/wp\/v2\/posts\/353123","targetHints":{"allow":["GET"]}}],"collection":[{"href":"https:\/\/www.europesays.com\/fr\/wp-json\/wp\/v2\/posts"}],"about":[{"href":"https:\/\/www.europesays.com\/fr\/wp-json\/wp\/v2\/types\/post"}],"author":[{"embeddable":true,"href":"https:\/\/www.europesays.com\/fr\/wp-json\/wp\/v2\/users\/2"}],"replies":[{"embeddable":true,"href":"https:\/\/www.europesays.com\/fr\/wp-json\/wp\/v2\/comments?post=353123"}],"version-history":[{"count":0,"href":"https:\/\/www.europesays.com\/fr\/wp-json\/wp\/v2\/posts\/353123\/revisions"}],"wp:featuredmedia":[{"embeddable":true,"href":"https:\/\/www.europesays.com\/fr\/wp-json\/wp\/v2\/media\/353124"}],"wp:attachment":[{"href":"https:\/\/www.europesays.com\/fr\/wp-json\/wp\/v2\/media?parent=353123"}],"wp:term":[{"taxonomy":"category","embeddable":true,"href":"https:\/\/www.europesays.com\/fr\/wp-json\/wp\/v2\/categories?post=353123"},{"taxonomy":"post_tag","embeddable":true,"href":"https:\/\/www.europesays.com\/fr\/wp-json\/wp\/v2\/tags?post=353123"}],"curies":[{"name":"wp","href":"https:\/\/api.w.org\/{rel}","templated":true}]}}