{"id":353125,"date":"2025-08-29T22:26:10","date_gmt":"2025-08-29T22:26:10","guid":{"rendered":"https:\/\/www.europesays.com\/fr\/353125\/"},"modified":"2025-08-29T22:26:10","modified_gmt":"2025-08-29T22:26:10","slug":"les-etats-unis-refusent-loctroi-de-visas-a-des-responsables-palestiniens-avant-lag-de-lonu","status":"publish","type":"post","link":"https:\/\/www.europesays.com\/fr\/353125\/","title":{"rendered":"Les Etats-Unis refusent l&rsquo;octroi de visas \u00e0 des responsables palestiniens avant l&rsquo;AG de l&rsquo;ONU"},"content":{"rendered":"<p>Les Etats-Unis ont annonc\u00e9 vendredi refuser l&rsquo;octroi de visas \u00e0 des membres de l&rsquo;Autorit\u00e9 palestinienne avant l&rsquo;Assembl\u00e9e g\u00e9n\u00e9rale de l&rsquo;ONU pr\u00e9vue en septembre, o\u00f9 la France plaidera pour la reconnaissance d&rsquo;un Etat palestinien.<\/p>\n<p>\u00ab\u00a0Le secr\u00e9taire d&rsquo;\u00c9tat Marco Rubio r\u00e9voque et refuse l&rsquo;octroi de visas pour les membres de l&rsquo;Organisation de lib\u00e9ration de la Palestine et de l&rsquo;Autorit\u00e9 palestinienne avant la prochaine Assembl\u00e9e g\u00e9n\u00e9rale des Nations unies\u00a0\u00bb, a d\u00e9clar\u00e9 le d\u00e9partement d&rsquo;\u00c9tat dans un communiqu\u00e9.<\/p>\n<p>Cette mesure extraordinaire rapproche encore plus l&rsquo;administration Trump du gouvernement isra\u00e9lien, qui rejette cat\u00e9goriquement l&rsquo;id\u00e9e d&rsquo;un \u00c9tat palestinien et cherche \u00e0 mettre sur le m\u00eame pied l&rsquo;Autorit\u00e9 palestinienne, bas\u00e9e en Cisjordanie, et le Hamas \u00e0 Gaza.<\/p>\n<p>\u00ab\u00a0L&rsquo;administration Trump a \u00e9t\u00e9 claire: il est dans l&rsquo;int\u00e9r\u00eat de notre s\u00e9curit\u00e9 nationale de tenir l&rsquo;Organisation de lib\u00e9ration de la Palestine et l&rsquo;Autorit\u00e9 palestinienne pour responsables de ne pas respecter leurs engagements et de compromettre les perspectives de paix\u00a0\u00bb, peut-on lire dans le communiqu\u00e9.<\/p>\n<p>L&rsquo;Autorit\u00e9 palestinienne a en retour exprim\u00e9 \u00ab\u00a0son profond regret et son \u00e9tonnement\u00a0\u00bb face \u00e0 cette d\u00e9cision qui est \u00ab\u00a0en contradiction avec le droit international\u00a0\u00bb, et a appel\u00e9 Washington \u00e0 \u00ab\u00a0revenir\u00a0\u00bb dessus.<\/p>\n<p>Le d\u00e9partement d&rsquo;Etat a accus\u00e9 les Palestiniens de se servir de la justice \u00e0 des fins ill\u00e9gitimes en se tournant vers la Cour p\u00e9nale internationale (CPI) et la Cour internationale de justice (CIJ) pour r\u00e9soudre leurs contentieux avec Isra\u00ebl.<\/p>\n<p>L&rsquo;Autorit\u00e9 palestinienne doit mettre fin aux \u00ab\u00a0tentatives pour contourner les n\u00e9gociations \u00e0 travers des guerres judiciaires internationales\u00a0\u00bb et aux \u00ab\u00a0efforts pour obtenir la reconnaissance unilat\u00e9rale d&rsquo;un Etat palestinien\u00a0\u00bb, dit le texte.<\/p>\n<p>Gideon Saar, le ministre isra\u00e9lien des Affaires \u00e9trang\u00e8res, a remerci\u00e9 l&rsquo;administration Trump sur X pour \u00ab\u00a0cette \u00e9tape courageuse\u00a0\u00bb et pour \u00ab\u00a0soutenir Isra\u00ebl une nouvelle fois\u00a0\u00bb.<\/p>\n<p>Le porte-parole de l\u2019ONU, St\u00e9phane Dujarric, a d\u00e9clar\u00e9 de son c\u00f4t\u00e9 qu\u2019il \u00e9tait \u00ab\u00a0important\u00a0\u00bb que tous les \u00c9tats et les observateurs permanents, y compris les Palestiniens, soient repr\u00e9sent\u00e9s lors d\u2019un sommet pr\u00e9vu la veille du d\u00e9but de l\u2019Assembl\u00e9e g\u00e9n\u00e9rale. \u00ab\u00a0Nous esp\u00e9rons \u00e9videmment que cela sera r\u00e9solu\u00a0\u00bb.<\/p>\n<p>&#8211; Mahmoud Abbas \u00e0 l&rsquo;ONU &#8211;<\/p>\n<p>Les \u00c9tats-Unis ne sont pas cens\u00e9s refuser des visas aux fonctionnaires se rendant \u00e0 l\u2019ONU, dont le si\u00e8ge est \u00e0 New York, en vertu d&rsquo;un accord que le d\u00e9partement d&rsquo;Etat assure respecter en autorisant la mission palestinienne aupr\u00e8s des Nations unies.<\/p>\n<p>Le d\u00e9partement d&rsquo;Etat n&rsquo;a pas pr\u00e9cis\u00e9 si la mesure annonc\u00e9e vendredi s&rsquo;appliquait \u00e0 tous les responsables palestiniens.<\/p>\n<p>Son porte-parole a d\u00e9clar\u00e9 que les Etats-Unis \u00ab\u00a0restaient ouverts \u00e0 une reprise des contacts si l&rsquo;Autorit\u00e9 palestinienne et l&rsquo;Organisation de lib\u00e9ration de la Palestine prenaient des mesures concr\u00e8tes pour revenir \u00e0 une discussion constructive\u00a0\u00bb.<\/p>\n<p>Le pr\u00e9sident de l&rsquo;Autorit\u00e9 palestinienne, Mahmoud Abbas, doit participer \u00e0 la 80e Assembl\u00e9e g\u00e9n\u00e9rale de l&rsquo;ONU, qui se tiendra du 9 au 23 septembre, selon Riyad Mansour, ambassadeur palestinien aupr\u00e8s des Nations Unies.<\/p>\n<p>\u00ab\u00a0Nous verrons ce que cela implique exactement et comment cela s&rsquo;applique \u00e0 nos d\u00e9l\u00e9gations, puis nous r\u00e9pondrons en cons\u00e9quence\u00a0\u00bb, a dit M. Mansour \u00e0 la presse.<\/p>\n<p>Fin juillet, Emmanuel Macron a annonc\u00e9 que la France allait reconna\u00eetre l&rsquo;Etat de Palestine \u00e0 l&rsquo;Assembl\u00e9e g\u00e9n\u00e9rale de l&rsquo;ONU. Dans la foul\u00e9e, plus d&rsquo;une dizaine de pays occidentaux ont appel\u00e9 d&rsquo;autres pays du monde \u00e0 faire de m\u00eame.<\/p>\n<p>En 1988, Yasser Arafat, chef de l&rsquo;Organisation de lib\u00e9ration de la Palestine, avait prononc\u00e9 un discours lors d&rsquo;une session sp\u00e9ciale de l&rsquo;Assembl\u00e9e g\u00e9n\u00e9rale r\u00e9unie \u00e0 Gen\u00e8ve plut\u00f4t que New York, apr\u00e8s un refus des Etats-Unis de le laisser rentrer sur leur territoire.<\/p>\n<p>Plus r\u00e9cemment, en 2013, les \u00c9tats-Unis avaient refus\u00e9 un visa \u00e0 Omar el-B\u00e9chir, alors pr\u00e9sident du Soudan, qui faisait l&rsquo;objet d&rsquo;un mandat d\u2019arr\u00eat de la CPI pour crimes de guerre, crimes contre l&rsquo;humanit\u00e9 et g\u00e9nocide dans le conflit du Darfour.<\/p>\n<p>Benjamin Netanyahu, le Premier ministre isra\u00e9lien, fait aussi l&rsquo;objet d&rsquo;un mandat d&rsquo;arr\u00eat \u00e9mis par la CPI.<\/p>\n<p>Donald Trump pr\u00e9voit d&rsquo;assister \u00e0 l&rsquo;Assembl\u00e9e g\u00e9n\u00e9rale de septembre, o\u00f9 il prononcera l&rsquo;un des premiers discours. Son administration a nettement limit\u00e9 les relations avec les Nations unies et d&rsquo;autres organisations internationales.<\/p>\n","protected":false},"excerpt":{"rendered":"Les Etats-Unis ont annonc\u00e9 vendredi refuser l&rsquo;octroi de visas \u00e0 des membres de l&rsquo;Autorit\u00e9 palestinienne avant l&rsquo;Assembl\u00e9e g\u00e9n\u00e9rale&hellip;\n","protected":false},"author":2,"featured_media":353126,"comment_status":"","ping_status":"","sticky":false,"template":"","format":"standard","meta":{"footnotes":""},"categories":[1589],"tags":[11,73,1866,12,1864,1865,1863,308],"class_list":{"0":"post-353125","1":"post","2":"type-post","3":"status-publish","4":"format-standard","5":"has-post-thumbnail","7":"category-etats-unis","8":"tag-actualites","9":"tag-etats-unis","10":"tag-etats-unis-damerique","11":"tag-news","12":"tag-united-states","13":"tag-united-states-of-america","14":"tag-us","15":"tag-usa"},"share_on_mastodon":{"url":"https:\/\/pubeurope.com\/@fr\/115114409082120500","error":""},"_links":{"self":[{"href":"https:\/\/www.europesays.com\/fr\/wp-json\/wp\/v2\/posts\/353125","targetHints":{"allow":["GET"]}}],"collection":[{"href":"https:\/\/www.europesays.com\/fr\/wp-json\/wp\/v2\/posts"}],"about":[{"href":"https:\/\/www.europesays.com\/fr\/wp-json\/wp\/v2\/types\/post"}],"author":[{"embeddable":true,"href":"https:\/\/www.europesays.com\/fr\/wp-json\/wp\/v2\/users\/2"}],"replies":[{"embeddable":true,"href":"https:\/\/www.europesays.com\/fr\/wp-json\/wp\/v2\/comments?post=353125"}],"version-history":[{"count":0,"href":"https:\/\/www.europesays.com\/fr\/wp-json\/wp\/v2\/posts\/353125\/revisions"}],"wp:featuredmedia":[{"embeddable":true,"href":"https:\/\/www.europesays.com\/fr\/wp-json\/wp\/v2\/media\/353126"}],"wp:attachment":[{"href":"https:\/\/www.europesays.com\/fr\/wp-json\/wp\/v2\/media?parent=353125"}],"wp:term":[{"taxonomy":"category","embeddable":true,"href":"https:\/\/www.europesays.com\/fr\/wp-json\/wp\/v2\/categories?post=353125"},{"taxonomy":"post_tag","embeddable":true,"href":"https:\/\/www.europesays.com\/fr\/wp-json\/wp\/v2\/tags?post=353125"}],"curies":[{"name":"wp","href":"https:\/\/api.w.org\/{rel}","templated":true}]}}