{"id":353127,"date":"2025-08-29T22:27:12","date_gmt":"2025-08-29T22:27:12","guid":{"rendered":"https:\/\/www.europesays.com\/fr\/353127\/"},"modified":"2025-08-29T22:27:12","modified_gmt":"2025-08-29T22:27:12","slug":"record-de-production-solaire-au-royaume-uni-alors-que-le-deploiement-saccelere-pv-magazine-france","status":"publish","type":"post","link":"https:\/\/www.europesays.com\/fr\/353127\/","title":{"rendered":"Record de production solaire au Royaume-Uni, alors que le d\u00e9ploiement s\u2019acc\u00e9l\u00e8re \u2013 pv magazine France"},"content":{"rendered":"<p>Les donn\u00e9es de production pour le premier semestre 2025 montrent un d\u00e9marrage record pour l\u2019\u00e9nergie solaire, tandis que les nouvelles donn\u00e9es gouvernementales sur la capacit\u00e9 indiquent une acc\u00e9l\u00e9ration du d\u00e9ploiement et des installations de plus grande taille.<\/p>\n<p>                                                                                ao\u00fbt 29, 2025<br \/>\n                                            <a href=\"https:\/\/www.pv-magazine.fr\/author\/matthew-lynas\/\" title=\"Articles par Matthew Lynas\" class=\"author url fn\" rel=\"author nofollow noopener\" target=\"_blank\">Matthew Lynas<\/a><\/p>\n<p><a href=\"https:\/\/www.pv-magazine.com\/2025\/08\/28\/strongest-year-on-record-for-uk-solar-generation-as-deployment-accelerates\/\" rel=\"nofollow noopener\" target=\"_blank\"><strong>D\u2019apr\u00e8s pv magazine international<\/strong><\/a><\/p>\n<p>Le solaire britannique a battu de nouveaux records de production au premier semestre 2025. Selon Ember, la production d\u2019\u00e9nergie solaire en Grande-Bretagne a augment\u00e9 de 32 % au cours des six premiers mois de 2025 par rapport \u00e0 la m\u00eame p\u00e9riode en 2024. L\u2019analyse du groupe de r\u00e9flexion a fait \u00e9tat d\u2019une production de 9,91 TWh pour le premier semestre 2025 et a constat\u00e9 que la production solaire a battu des records pendant cinq mois cons\u00e9cutifs depuis mars. <\/p>\n<p>La Grande-Bretagne a connu l\u2019une des ann\u00e9es les plus ensoleill\u00e9es jamais enregistr\u00e9es en 2025, ce qui, combin\u00e9 au d\u00e9ploiement continu de l\u2019\u00e9nergie solaire, a permis d\u2019atteindre ces niveaux de production solaire record. <\/p>\n<p>Les derni\u00e8res statistiques du gouvernement britannique sur le d\u00e9ploiement de l\u2019\u00e9nergie solaire, publi\u00e9es le m\u00eame jour que le rapport d\u2019Ember \u00ab\u00a0Une ann\u00e9e record pour l\u2019\u00e9nergie solaire britannique\u00a0\u00bb, confirment cette tendance. En juillet 2025, 22\u00a0406 nouvelles installations photovolta\u00efques ont \u00e9t\u00e9 install\u00e9es, repr\u00e9sentant une capacit\u00e9 de 106 MW, soit le quatri\u00e8me plus grand nombre de nouvelles installations mensuelles jamais enregistr\u00e9es. Cela porte la capacit\u00e9 solaire totale enregistr\u00e9e \u00e0 19,1 GW pour 1,8 million d\u2019installations, soit une augmentation de 1,3 GW depuis juillet 2024. <\/p>\n<p>Hors Irlande du Nord, qui partage un r\u00e9seau avec l\u2019Irlande, la capacit\u00e9 d\u00e9ploy\u00e9e en Grande-Bretagne s\u2019\u00e9levait \u00e0 18,7 GW. Les statistiques de d\u00e9ploiement publi\u00e9es par le D\u00e9partement de la s\u00e9curit\u00e9 \u00e9nerg\u00e9tique et de la neutralit\u00e9 carbone (DESNZ) sont provisoires et seront probablement mises \u00e0 jour d\u00e8s que de nouvelles donn\u00e9es seront disponibles, mais les chiffres de DESNZ sugg\u00e8rent d\u00e9j\u00e0 une \u00e9volution vers des projets de plus grande capacit\u00e9 d\u00e9ploy\u00e9s en Grande-Bretagne. <\/p>\n<p>Selon les donn\u00e9es, au moins 42 % de la capacit\u00e9 solaire totale du Royaume-Uni (8,1 GW) proviennent d\u2019installations solaires au sol ou autonomes, dont 15 parcs solaires soutenus par le syst\u00e8me britannique de contrats pour diff\u00e9rence (CfD), dont 13 ont \u00e9t\u00e9 mis en service en 2025. DESNZ pr\u00e9voit une augmentation de ce chiffre. Le rapport d\u2019Ember a \u00e9galement not\u00e9 une \u00e9volution vers des installations plus grandes sur les toits des maisons. <\/p>\n<p>Le groupe de r\u00e9flexion a constat\u00e9 que les grands parcs solaires repr\u00e9sentent la moiti\u00e9 de la nouvelle capacit\u00e9 solaire domestique, contre seulement 5 % sous le r\u00e9gime de tarif de rachat garanti de 2010 \u00e0 2019, lorsque les petites installations \u00e9taient incit\u00e9es par des tarifs plus avantageux. Ce que confirme les derni\u00e8res statistiques de d\u00e9ploiement du gouvernement britannique : la\u00a0capacit\u00e9 d\u00e9ploy\u00e9e au Royaume-Uni pour les parcs jusqu\u2019\u00e0 4 kW \u00e9tait de 4 GW fin juillet 2025, contre 1,4 GW pour les parcs de 4 kW \u00e0 10 kW. Cependant, les ajouts de capacit\u00e9 sont rest\u00e9s \u00e0 peu pr\u00e8s \u00e9gaux depuis le d\u00e9but de l\u2019ann\u00e9e, avec respectivement 258 MW et 226 MW.<\/p>\n<p>Ce contenu est prot\u00e9g\u00e9 par un copyright et vous ne pouvez pas le r\u00e9utiliser sans permission. Si vous souhaitez collaborer avec nous et r\u00e9utiliser notre contenu, merci de contacter notre \u00e9quipe \u00e9ditoriale \u00e0 l\u2019adresse suivante: <a href=\"http:\/\/www.pv-magazine.fr\/cdn-cgi\/l\/email-protection#9fb9bce7a9aaa4b9bce7a9aba4b9bce7a9a6a4b9bce7a8aba4b9bce7a9f9a4b9bce7a8ada4b9bce7a8aca4b9bce7abafa4b9bce7a8afa4b9bce7a8a9a4b9bce7adfba4b9bce7a9fba4b9bce7a9aea4b9bce7a9a8a4b9bce7a9aea4b9bce7a8fea4b9bce7a9a6a4b9bce7a9faa4b9bce7a9aaa4b9bce7adfaa4b9bce7a9aca4b9bce7a9f9a4b9bce7a9fba4\" rel=\"nofollow noopener\" target=\"_blank\">editors@pv-magazine.com<\/a>.<\/p>\n<p>\t\t\t\t\tPopular content<\/p>\n<p>\t\t\t\t\t\t<a href=\"https:\/\/www.pv-magazine.fr\/2025\/08\/27\/tva-a-55-sur-le-solaire-les-conditions-dapplication-prevues-par-le-futur-decret\/\" target=\"_self\" rel=\"nofollow noopener\"><img loading=\"lazy\" src=\"https:\/\/www.europesays.com\/fr\/wp-content\/uploads\/2025\/08\/95265-featured-1200x800.png\" width=\"1200\" height=\"800\" alt=\"\" class=\"wpp-thumbnail wpp_featured wpp_cached_thumb\" decoding=\"async\"\/><\/a><\/p>\n","protected":false},"excerpt":{"rendered":"Les donn\u00e9es de production pour le premier semestre 2025 montrent un d\u00e9marrage record pour l\u2019\u00e9nergie solaire, tandis que&hellip;\n","protected":false},"author":2,"featured_media":353128,"comment_status":"","ping_status":"","sticky":false,"template":"","format":"standard","meta":{"footnotes":""},"categories":[1588],"tags":[11,1777,674,12,473,1853,1851,1850,1852],"class_list":{"0":"post-353127","1":"post","2":"type-post","3":"status-publish","4":"format-standard","5":"has-post-thumbnail","7":"category-royaume-uni","8":"tag-actualites","9":"tag-eu","10":"tag-europe","11":"tag-news","12":"tag-royaume-uni","13":"tag-royaume-uni-de-grande-bretagne-et-dirlande-du-nord","14":"tag-uk","15":"tag-united-kingdom","16":"tag-united-kingdom-of-great-britain-and-northern-ireland"},"share_on_mastodon":{"url":"https:\/\/pubeurope.com\/@fr\/115114413202464105","error":""},"_links":{"self":[{"href":"https:\/\/www.europesays.com\/fr\/wp-json\/wp\/v2\/posts\/353127","targetHints":{"allow":["GET"]}}],"collection":[{"href":"https:\/\/www.europesays.com\/fr\/wp-json\/wp\/v2\/posts"}],"about":[{"href":"https:\/\/www.europesays.com\/fr\/wp-json\/wp\/v2\/types\/post"}],"author":[{"embeddable":true,"href":"https:\/\/www.europesays.com\/fr\/wp-json\/wp\/v2\/users\/2"}],"replies":[{"embeddable":true,"href":"https:\/\/www.europesays.com\/fr\/wp-json\/wp\/v2\/comments?post=353127"}],"version-history":[{"count":0,"href":"https:\/\/www.europesays.com\/fr\/wp-json\/wp\/v2\/posts\/353127\/revisions"}],"wp:featuredmedia":[{"embeddable":true,"href":"https:\/\/www.europesays.com\/fr\/wp-json\/wp\/v2\/media\/353128"}],"wp:attachment":[{"href":"https:\/\/www.europesays.com\/fr\/wp-json\/wp\/v2\/media?parent=353127"}],"wp:term":[{"taxonomy":"category","embeddable":true,"href":"https:\/\/www.europesays.com\/fr\/wp-json\/wp\/v2\/categories?post=353127"},{"taxonomy":"post_tag","embeddable":true,"href":"https:\/\/www.europesays.com\/fr\/wp-json\/wp\/v2\/tags?post=353127"}],"curies":[{"name":"wp","href":"https:\/\/api.w.org\/{rel}","templated":true}]}}